{"id":3181,"date":"2021-01-07T11:15:38","date_gmt":"2021-01-07T10:15:38","guid":{"rendered":"http:\/\/tvbelas.com\/tvbelas\/?p=3181"},"modified":"2021-01-07T11:15:38","modified_gmt":"2021-01-07T10:15:38","slug":"whatsapp-vai-comecar-a-partilhar-dados-com-o-facebook","status":"publish","type":"post","link":"https:\/\/tvbelas.com\/tvbelas\/noticias\/tecnologia\/whatsapp-vai-comecar-a-partilhar-dados-com-o-facebook\/","title":{"rendered":"WhatsApp vai come\u00e7ar a partilhar dados com o Facebook"},"content":{"rendered":"<p><span class=\"news_capital_letter\">O <\/span><span class=\"nanospell-typo\">WhatsApp<\/span>\u00a0parece estar a preparar-se para partilhar informa\u00e7\u00f5es sobre os utilizadores do seu servi\u00e7o de mensagens com o\u00a0<span class=\"nanospell-typo\">Facebook<\/span>. Quem o diz \u00e9 o site\u00a0<a href=\"https:\/\/www.xda-developers.com\/whatsapp-updates-terms-privacy-policy-mandate-data-sharing-facebook\/\" target=\"_blank\" rel=\"noopener noreferrer\"><span class=\"nanospell-typo\">XDA<\/span>\u00a0Developers<\/a>, que reparou em mudan\u00e7as na pol\u00edtica de privacidade a fazer notar a altera\u00e7\u00e3o.<\/p>\n<p>\u201cOs utilizadores do\u00a0<span class=\"nanospell-typo\">WhatsApp<\/span>\u00a0est\u00e3o a receber um aviso na app relativamente a novos termos na pol\u00edtica de privacidade\u201d, aponta o site, indicando que os dados ser\u00e3o partilhados com o\u00a0<span class=\"nanospell-typo\">Facebook<\/span>\u00a0para que possam ser exibidos an\u00fancios personalizados. \u201cRevela que estas mudan\u00e7as entrar\u00e3o em efeito no dia 8 de\u00a0<span class=\"nanospell-typo\">fevereiro<\/span>\u00a0e os utilizadores n\u00e3o ter\u00e3o op\u00e7\u00e3o que n\u00e3o aceitar estas mudan\u00e7as se quiserem continuar a usar o\u00a0<span class=\"nanospell-typo\">WhatsApp<\/span>\u201d.<\/p>\n<p>De notar que estas mudan\u00e7as surgem como uma contradi\u00e7\u00e3o \u00e0s promessas feitas pelo\u00a0<span class=\"nanospell-typo\">WhatsApp<\/span>\u00a0quando a app foi adquirida pelo\u00a0<span class=\"nanospell-typo\">Facebook<\/span>\u00a0em 2014, quando foi garantido aos utilizadores que os seus dados continuariam privados.<\/p>\n","protected":false},"excerpt":{"rendered":"<p>O WhatsApp\u00a0parece estar a preparar-se para partilhar informa\u00e7\u00f5es sobre os utilizadores do seu servi\u00e7o de mensagens com o\u00a0Facebook. Quem o diz \u00e9 o site\u00a0XDA\u00a0Developers, que reparou em mudan\u00e7as na pol\u00edtica de privacidade a fazer notar a altera\u00e7\u00e3o. \u201cOs utilizadores do\u00a0WhatsApp\u00a0est\u00e3o a receber um aviso na app relativamente a novos termos na pol\u00edtica de privacidade\u201d, aponta [&hellip;]<\/p>\n","protected":false},"author":1,"featured_media":3183,"comment_status":"open","ping_status":"open","sticky":false,"template":"","format":"standard","meta":{"footnotes":""},"categories":[16],"tags":[],"class_list":{"0":"post-3181","1":"post","2":"type-post","3":"status-publish","4":"format-standard","5":"has-post-thumbnail","7":"category-tecnologia"},"amp_enabled":true,"_links":{"self":[{"href":"https:\/\/tvbelas.com\/tvbelas\/wp-json\/wp\/v2\/posts\/3181","targetHints":{"allow":["GET"]}}],"collection":[{"href":"https:\/\/tvbelas.com\/tvbelas\/wp-json\/wp\/v2\/posts"}],"about":[{"href":"https:\/\/tvbelas.com\/tvbelas\/wp-json\/wp\/v2\/types\/post"}],"author":[{"embeddable":true,"href":"https:\/\/tvbelas.com\/tvbelas\/wp-json\/wp\/v2\/users\/1"}],"replies":[{"embeddable":true,"href":"https:\/\/tvbelas.com\/tvbelas\/wp-json\/wp\/v2\/comments?post=3181"}],"version-history":[{"count":0,"href":"https:\/\/tvbelas.com\/tvbelas\/wp-json\/wp\/v2\/posts\/3181\/revisions"}],"wp:featuredmedia":[{"embeddable":true,"href":"https:\/\/tvbelas.com\/tvbelas\/wp-json\/"}],"wp:attachment":[{"href":"https:\/\/tvbelas.com\/tvbelas\/wp-json\/wp\/v2\/media?parent=3181"}],"wp:term":[{"taxonomy":"category","embeddable":true,"href":"https:\/\/tvbelas.com\/tvbelas\/wp-json\/wp\/v2\/categories?post=3181"},{"taxonomy":"post_tag","embeddable":true,"href":"https:\/\/tvbelas.com\/tvbelas\/wp-json\/wp\/v2\/tags?post=3181"}],"curies":[{"name":"wp","href":"https:\/\/api.w.org\/{rel}","templated":true}]}}