{"id":3189,"date":"2021-01-07T12:15:09","date_gmt":"2021-01-07T11:15:09","guid":{"rendered":"http:\/\/tvbelas.com\/tvbelas\/?p=3189"},"modified":"2021-01-07T12:15:09","modified_gmt":"2021-01-07T11:15:09","slug":"covid-19-russia-regista-23-541-novos-casos-e-mais-506-mortes","status":"publish","type":"post","link":"https:\/\/tvbelas.com\/tvbelas\/noticias\/internacional\/covid-19-russia-regista-23-541-novos-casos-e-mais-506-mortes\/","title":{"rendered":"Covid-19. R\u00fassia regista 23.541 novos casos e mais 506 mortes"},"content":{"rendered":"<p><span class=\"news_capital_letter\">A <\/span>R\u00fassia reportou, esta quinta-feira, 23.541 novos casos de\u00a0<span class=\"nanospell-typo\">infe\u00e7\u00e3o<\/span>\u00a0pelo novo coronav\u00edrus e mais 506\u00a0<span class=\"nanospell-typo\">\u00f3bitos<\/span>.<\/p>\n<p>Desde o in\u00edcio da pandemia, o pa\u00eds contabiliza\u00a03.332.142\u00a0casos confirmados e\u00a060.457 v\u00edtimas mortais.<\/p>\n<p>Na ter\u00e7a-feira,\u00a0<a href=\"https:\/\/www.noticiasaominuto.com\/mundo\/1658752\/putin-e-merkel-discutem-possibilidade-de-producao-conjunta-de-vacinas\" target=\"_blank\" rel=\"noopener noreferrer\">o Presidente russo, Vladimir\u00a0<span class=\"nanospell-typo\">Putin<\/span>, discutiu com a chanceler alem\u00e3, Angela\u00a0<span class=\"nanospell-typo\">Merkel<\/span>,<\/a>\u00a0a possibilidade de uma &#8220;produ\u00e7\u00e3o conjunta de vacinas&#8221; contra o novo coronav\u00edrus.<\/p>\n<p>Numa conversa telef\u00f3nica, os dois l\u00edderes abordaram &#8220;quest\u00f5es de coopera\u00e7\u00e3o na luta contra a pandemia do novo coronav\u00edrus&#8221; e &#8220;a\u00a0<span class=\"nanospell-typo\">\u00eanfase<\/span>\u00a0foi colocada nas poss\u00edveis\u00a0<span class=\"nanospell-typo\">perspetivas<\/span>\u00a0de produ\u00e7\u00e3o conjunta de vacinas&#8221;, segundo um comunicado de imprensa do Kremlin.<\/p>\n<p>Recorde-se que a vacina russa contra o novo coronav\u00edrus, chamada de &#8216;Sputnik V&#8217; em homenagem ao primeiro sat\u00e9lite lan\u00e7ado pela\u00a0<span class=\"nanospell-typo\">URSS<\/span>\u00a0em 1957, foi recebida com ceticismo na comunidade internacional.<\/p>\n","protected":false},"excerpt":{"rendered":"<p>A R\u00fassia reportou, esta quinta-feira, 23.541 novos casos de\u00a0infe\u00e7\u00e3o\u00a0pelo novo coronav\u00edrus e mais 506\u00a0\u00f3bitos. Desde o in\u00edcio da pandemia, o pa\u00eds contabiliza\u00a03.332.142\u00a0casos confirmados e\u00a060.457 v\u00edtimas mortais. Na ter\u00e7a-feira,\u00a0o Presidente russo, Vladimir\u00a0Putin, discutiu com a chanceler alem\u00e3, Angela\u00a0Merkel,\u00a0a possibilidade de uma &#8220;produ\u00e7\u00e3o conjunta de vacinas&#8221; contra o novo coronav\u00edrus. Numa conversa telef\u00f3nica, os dois l\u00edderes abordaram [&hellip;]<\/p>\n","protected":false},"author":1,"featured_media":3191,"comment_status":"open","ping_status":"open","sticky":false,"template":"","format":"standard","meta":{"footnotes":""},"categories":[22],"tags":[],"class_list":{"0":"post-3189","1":"post","2":"type-post","3":"status-publish","4":"format-standard","5":"has-post-thumbnail","7":"category-internacional"},"amp_enabled":true,"_links":{"self":[{"href":"https:\/\/tvbelas.com\/tvbelas\/wp-json\/wp\/v2\/posts\/3189","targetHints":{"allow":["GET"]}}],"collection":[{"href":"https:\/\/tvbelas.com\/tvbelas\/wp-json\/wp\/v2\/posts"}],"about":[{"href":"https:\/\/tvbelas.com\/tvbelas\/wp-json\/wp\/v2\/types\/post"}],"author":[{"embeddable":true,"href":"https:\/\/tvbelas.com\/tvbelas\/wp-json\/wp\/v2\/users\/1"}],"replies":[{"embeddable":true,"href":"https:\/\/tvbelas.com\/tvbelas\/wp-json\/wp\/v2\/comments?post=3189"}],"version-history":[{"count":0,"href":"https:\/\/tvbelas.com\/tvbelas\/wp-json\/wp\/v2\/posts\/3189\/revisions"}],"wp:featuredmedia":[{"embeddable":true,"href":"https:\/\/tvbelas.com\/tvbelas\/wp-json\/"}],"wp:attachment":[{"href":"https:\/\/tvbelas.com\/tvbelas\/wp-json\/wp\/v2\/media?parent=3189"}],"wp:term":[{"taxonomy":"category","embeddable":true,"href":"https:\/\/tvbelas.com\/tvbelas\/wp-json\/wp\/v2\/categories?post=3189"},{"taxonomy":"post_tag","embeddable":true,"href":"https:\/\/tvbelas.com\/tvbelas\/wp-json\/wp\/v2\/tags?post=3189"}],"curies":[{"name":"wp","href":"https:\/\/api.w.org\/{rel}","templated":true}]}}