{"id":3193,"date":"2021-01-07T14:56:38","date_gmt":"2021-01-07T13:56:38","guid":{"rendered":"http:\/\/tvbelas.com\/tvbelas\/?p=3193"},"modified":"2021-01-07T14:56:38","modified_gmt":"2021-01-07T13:56:38","slug":"economia-angolana-encontra-se-em-estado-de-sobrevivencia-diz-o-empresario-jorge-baptista","status":"publish","type":"post","link":"https:\/\/tvbelas.com\/tvbelas\/noticias\/economia-angolana-encontra-se-em-estado-de-sobrevivencia-diz-o-empresario-jorge-baptista\/","title":{"rendered":"ECONOMIA ANGOLANA ENCONTRA-SE, EM ESTADO DE SOBREVIV\u00caNCIA, DIZ  O EMPRES\u00c1RIO JORGE BAPTISTA."},"content":{"rendered":"<p>O\u00a0 empres\u00e1rio Jorge Baptista, mostra-se s\u00e9tico na recupera\u00e7\u00e3o da economia angolana nos proximos\u00a0 12 meses e, o empres\u00e1rio fala hoje no programa governo de transi\u00e7\u00e3o da esta\u00e7\u00e3o de r\u00e1dio MFM com a modera\u00e7\u00e3o de Manuel Viera, Apelando ao presidente da Rep\u00fablica Jo\u00e3o Loure\u00e7o, a postar nas novas pol\u00edticas tendo enconta o momento de crise que o pa\u00eds atravessa.<\/p>\n<p>O empres\u00e1rio angolano Jorge Baptista que fala ao programa governo de transi\u00e7\u00e3o, \u00e9 de opini\u00e3o que o estado Angolano continua a falhar nas pol\u00edticas e nas alternativas de diversifica\u00e7\u00e3o econ\u00f3mica dependo somente do petr\u00f3leo.<\/p>\n<p><iframe loading=\"lazy\"  id=\"_ytid_88919\"  width=\"800\" height=\"450\"  data-origwidth=\"800\" data-origheight=\"450\" src=\"https:\/\/www.youtube.com\/embed\/vuy5KqtzxKo?enablejsapi=1&#038;autoplay=0&#038;cc_load_policy=0&#038;cc_lang_pref=&#038;iv_load_policy=1&#038;loop=0&#038;rel=1&#038;fs=1&#038;playsinline=0&#038;autohide=2&#038;theme=dark&#038;color=red&#038;controls=1&#038;\" class=\"__youtube_prefs__  epyt-is-override  no-lazyload\" title=\"YouTube player\"  allow=\"fullscreen; accelerometer; autoplay; clipboard-write; encrypted-media; gyroscope; picture-in-picture\" allowfullscreen data-no-lazy=\"1\" data-skipgform_ajax_framebjll=\"\"><\/iframe><\/p>\n<p>&nbsp;<\/p>\n<p>Durante o programa Governo de transi\u00e7\u00e3o\u00a0 na r\u00e1dio MFM que vai ao ar as quintas feiras as 8 horas, \u00a0o empres\u00e1rio afirmou ainda, que para, o pa\u00eds se torne, mais forte no ponto de vista financeiro \u00e9 necess\u00e1rio que se fa\u00e7a\u00a0 grandes apostas nos recursos naturais.<\/p>\n<p>O empres\u00e1rio acrescentou que neste momento, o mercado \u00a0empresarial \u00e9 Fr\u00e1gil e com empresas de sobreviv\u00eancia, e um pais que se diz, que vai ter crescimento econ\u00f4mico deve pensar \u00a0em v\u00e1rios aspectos, que s\u00e3o a\u00a0competividade, empoderamento das empresas nacionais&#8230;<\/p>\n<p>O importante \u00e9 n\u00e3o dizer que vamos ter crescimento econ\u00f4mico, mas sim criar estrat\u00e9gias para ultrapassar as dificuldades financeiras, disse o empres\u00e1rio Jorge Baptista ao programa governo de Transi\u00e7\u00e3o da Radio MFM.<\/p>\n","protected":false},"excerpt":{"rendered":"<p>O\u00a0 empres\u00e1rio Jorge Baptista, mostra-se s\u00e9tico na recupera\u00e7\u00e3o da economia angolana nos proximos\u00a0 12 meses e, o empres\u00e1rio fala hoje no programa governo de transi\u00e7\u00e3o da esta\u00e7\u00e3o de r\u00e1dio MFM com a modera\u00e7\u00e3o de Manuel Viera, Apelando ao presidente da Rep\u00fablica Jo\u00e3o Loure\u00e7o, a postar nas novas pol\u00edticas tendo enconta o momento de crise que [&hellip;]<\/p>\n","protected":false},"author":1,"featured_media":3195,"comment_status":"open","ping_status":"open","sticky":false,"template":"","format":"standard","meta":{"footnotes":""},"categories":[10],"tags":[],"class_list":{"0":"post-3193","1":"post","2":"type-post","3":"status-publish","4":"format-standard","5":"has-post-thumbnail","7":"category-noticias"},"amp_enabled":true,"_links":{"self":[{"href":"https:\/\/tvbelas.com\/tvbelas\/wp-json\/wp\/v2\/posts\/3193","targetHints":{"allow":["GET"]}}],"collection":[{"href":"https:\/\/tvbelas.com\/tvbelas\/wp-json\/wp\/v2\/posts"}],"about":[{"href":"https:\/\/tvbelas.com\/tvbelas\/wp-json\/wp\/v2\/types\/post"}],"author":[{"embeddable":true,"href":"https:\/\/tvbelas.com\/tvbelas\/wp-json\/wp\/v2\/users\/1"}],"replies":[{"embeddable":true,"href":"https:\/\/tvbelas.com\/tvbelas\/wp-json\/wp\/v2\/comments?post=3193"}],"version-history":[{"count":0,"href":"https:\/\/tvbelas.com\/tvbelas\/wp-json\/wp\/v2\/posts\/3193\/revisions"}],"wp:featuredmedia":[{"embeddable":true,"href":"https:\/\/tvbelas.com\/tvbelas\/wp-json\/"}],"wp:attachment":[{"href":"https:\/\/tvbelas.com\/tvbelas\/wp-json\/wp\/v2\/media?parent=3193"}],"wp:term":[{"taxonomy":"category","embeddable":true,"href":"https:\/\/tvbelas.com\/tvbelas\/wp-json\/wp\/v2\/categories?post=3193"},{"taxonomy":"post_tag","embeddable":true,"href":"https:\/\/tvbelas.com\/tvbelas\/wp-json\/wp\/v2\/tags?post=3193"}],"curies":[{"name":"wp","href":"https:\/\/api.w.org\/{rel}","templated":true}]}}