{"id":3198,"date":"2021-01-07T15:09:01","date_gmt":"2021-01-07T14:09:01","guid":{"rendered":"http:\/\/tvbelas.com\/tvbelas\/?p=3198"},"modified":"2021-01-07T15:09:01","modified_gmt":"2021-01-07T14:09:01","slug":"assalto-ao-capitolio-e-aviso-para-o-brasil-diz-governador-de-sao-paulo","status":"publish","type":"post","link":"https:\/\/tvbelas.com\/tvbelas\/noticias\/internacional\/assalto-ao-capitolio-e-aviso-para-o-brasil-diz-governador-de-sao-paulo\/","title":{"rendered":"Assalto ao Capit\u00f3lio &#8220;\u00e9 aviso para o Brasil&#8221;, diz governador de S\u00e3o Paulo"},"content":{"rendered":"<p><span class=\"nanospell-typo\"><span class=\"news_capital_letter\">D<\/span>oria<\/span>, o principal rival pol\u00edtico de\u00a0<span class=\"nanospell-typo\">Bolsonaro<\/span>\u00a0no campo conservador, disse que as &#8220;cenas de vandalismo e de extrema barb\u00e1rie&#8221; vividas na v\u00e9spera em Washington s\u00e3o uma &#8220;afronta \u00e0 democracia&#8221;.<\/p>\n<p>&nbsp;<\/p>\n<p>&#8220;<span class=\"news_bold\">Isto \u00e9 um aviso para o Brasil, onde a minoria que &#8216;<span class=\"nanospell-typo\">flirta<\/span>&#8216; com o autoritarismo e o fanatismo tenta enfraquecer as institui\u00e7\u00f5es e amea\u00e7ar o Estado de direito<\/span>&#8220;, disse\u00a0<span class=\"nanospell-typo\">Doria<\/span>\u00a0atrav\u00e9s das redes sociais.<\/p>\n<p>As declara\u00e7\u00f5es do governador de S\u00e3o Paulo registaram-se ap\u00f3s o Presidente\u00a0<span class=\"nanospell-typo\">Bolsonaro<\/span>\u00a0ter evitado criticar o violento ataque ao Capit\u00f3lio e reiterado os seus la\u00e7os estreitos com Donald Trump.<\/p>\n<p>&#8220;Eu acompanhei-o em tudo. Sabe que estou perto de Trump, sabe qual \u00e9 a minha resposta agora. Muitas acusa\u00e7\u00f5es de fraude&#8221;, disse o l\u00edder da extrema-direita brasileira, um dos \u00faltimos l\u00edderes mundiais a reconhecer a vit\u00f3ria de\u00a0<span class=\"nanospell-typo\">Biden<\/span>\u00a0nas elei\u00e7\u00f5es presidenciais, a um grupo de\u00a0<span class=\"nanospell-typo\">apoiantes<\/span>.<\/p>\n<p>Os acontecimentos de quarta-feira nos Estados Unidos foram condenados pela maioria dos l\u00edderes de todo o mundo, que apelaram \u00e0 calma e a uma transi\u00e7\u00e3o ordeira de poder nos Estados Unidos.<\/p>\n<p>No Brasil, v\u00e1rias autoridades tamb\u00e9m expressaram a sua rejei\u00e7\u00e3o do ataque ao Capit\u00f3lio, incluindo os presidentes da C\u00e2<span class=\"nanospell-typo\">mara<\/span>\u00a0Alta,\u00a0<span class=\"nanospell-typo\">Davi<\/span>\u00a0<span class=\"nanospell-typo\">Alcolumbre<\/span>, e da C\u00e2<span class=\"nanospell-typo\">mara<\/span>\u00a0Baixa, Rodrigo Maia, bem como o ex-Presidente\u00a0<span class=\"nanospell-typo\">Luiz<\/span>\u00a0In\u00e1cio Lula da Silva.<\/p>\n<p>&#8220;A invas\u00e3o do Capit\u00f3lio revela com crueza o que acontece quando se tenta substituir a pol\u00edtica e o respeito pelo voto por mentiras e\u00a0<span class=\"nanospell-typo\">\u00f3dio<\/span>, mesmo num pa\u00eds que gosta de se apresentar como o campe\u00e3o da democracia&#8221;, disse Lula da Silva nas redes sociais.<\/p>\n<p>Tal como\u00a0<span class=\"nanospell-typo\">Doria<\/span>, o ex-Presidente disse que o que aconteceu nos Estados Unidos \u00e9 um aviso &#8220;sobre o que pode acontecer ainda pior aqui se o autoritarismo de\u00a0<span class=\"nanospell-typo\">Bolsonaro<\/span>\u00a0e das suas mil\u00edcias n\u00e3o for contido, e se as viola\u00e7\u00f5es da liberdade e dos direitos continuarem a ser toleradas&#8221;.<\/p>\n<p><span class=\"nanospell-typo\">Apoiantes<\/span>\u00a0do Presidente cessante dos\u00a0<span class=\"nanospell-typo\">EUA<\/span>, Donald Trump, entraram em confronto com as autoridades e invadiram o Capit\u00f3lio, em Washington, na quarta-feira, enquanto os membros do congresso estavam reunidos para formalizar a vit\u00f3ria do Presidente eleito, Joe\u00a0<span class=\"nanospell-typo\">Biden<\/span>, nas elei\u00e7\u00f5es de\u00a0<span class=\"nanospell-typo\">novembro<\/span>.<\/p>\n<p>Pelo menos quatro pessoas morreram na invas\u00e3o do Capit\u00f3lio, anunciou a pol\u00edcia, que deu conta de que tanto as for\u00e7as de seguran\u00e7a, como os\u00a0<span class=\"nanospell-typo\">apoiantes<\/span>\u00a0de Trump utilizaram\u00a0<span class=\"nanospell-typo\">subst<\/span>\u00e2<span class=\"nanospell-typo\">ncias<\/span>\u00a0qu\u00edmicas durante a ocupa\u00e7\u00e3o do edif\u00edcio.<\/p>\n<p>J\u00e1 hoje, o Congresso dos Estados Unidos ratificou a vit\u00f3ria de Joe\u00a0<span class=\"nanospell-typo\">Biden<\/span>\u00a0nas elei\u00e7\u00f5es presidenciais de\u00a0<span class=\"nanospell-typo\">novembro<\/span>, na \u00faltima etapa antes de ser empossado em 20 de\u00a0<span class=\"nanospell-typo\">janeiro<\/span>.<\/p>\n<p>O vice-Presidente republicano, Mike Pence, validou o voto de 306 grandes eleitores a favor do democrata contra 232 para o Presidente cessante, Donald Trump, no final de uma sess\u00e3o das duas c\u00e2<span class=\"nanospell-typo\">maras<\/span>, marcada pela invas\u00e3o de\u00a0<span class=\"nanospell-typo\">apoiantes<\/span>\u00a0de Trump.<\/p>\n<p>A sess\u00e3o de ratifica\u00e7\u00e3o dos votos das elei\u00e7\u00f5es presidenciais dos\u00a0<span class=\"nanospell-typo\">EUA<\/span>\u00a0foi interrompida na quarta-feira, mas quatro horas depois as autoridades declararam que o edif\u00edcio do Capit\u00f3lio estava em seguran\u00e7a.<\/p>\n<p>O Presidente eleito dos Estados Unidos, Joe\u00a0<span class=\"nanospell-typo\">Biden<\/span>, afirmou que os violentos protestos foram &#8220;um ataque sem precedentes \u00e0 democracia&#8221; do pa\u00eds e instou Donald Trump a p\u00f4r fim \u00e0 viol\u00eancia.<\/p>\n<p>Pouco depois, Trump pediu aos seus\u00a0<span class=\"nanospell-typo\">apoiantes<\/span>\u00a0e manifestantes que invadiram o Capit\u00f3lio para irem &#8220;para casa pacificamente&#8221;, mas repetindo a mensagem de que as elei\u00e7\u00f5es presidenciais foram fraudulentas.<\/p>\n<p>O primeiro-ministro, Ant\u00f3nio Costa, e o ministro de Estado e dos Neg\u00f3cios Estrangeiros, Augusto Santos Silva, condenaram os incidentes, tal como a Uni\u00e3o Europeia, a NATO e governos de v\u00e1rios pa\u00edses.<\/p>\n","protected":false},"excerpt":{"rendered":"<p>Doria, o principal rival pol\u00edtico de\u00a0Bolsonaro\u00a0no campo conservador, disse que as &#8220;cenas de vandalismo e de extrema barb\u00e1rie&#8221; vividas na v\u00e9spera em Washington s\u00e3o uma &#8220;afronta \u00e0 democracia&#8221;. &nbsp; &#8220;Isto \u00e9 um aviso para o Brasil, onde a minoria que &#8216;flirta&#8216; com o autoritarismo e o fanatismo tenta enfraquecer as institui\u00e7\u00f5es e amea\u00e7ar o Estado [&hellip;]<\/p>\n","protected":false},"author":1,"featured_media":3200,"comment_status":"open","ping_status":"open","sticky":false,"template":"","format":"standard","meta":{"footnotes":""},"categories":[22],"tags":[],"class_list":{"0":"post-3198","1":"post","2":"type-post","3":"status-publish","4":"format-standard","5":"has-post-thumbnail","7":"category-internacional"},"amp_enabled":true,"_links":{"self":[{"href":"https:\/\/tvbelas.com\/tvbelas\/wp-json\/wp\/v2\/posts\/3198","targetHints":{"allow":["GET"]}}],"collection":[{"href":"https:\/\/tvbelas.com\/tvbelas\/wp-json\/wp\/v2\/posts"}],"about":[{"href":"https:\/\/tvbelas.com\/tvbelas\/wp-json\/wp\/v2\/types\/post"}],"author":[{"embeddable":true,"href":"https:\/\/tvbelas.com\/tvbelas\/wp-json\/wp\/v2\/users\/1"}],"replies":[{"embeddable":true,"href":"https:\/\/tvbelas.com\/tvbelas\/wp-json\/wp\/v2\/comments?post=3198"}],"version-history":[{"count":0,"href":"https:\/\/tvbelas.com\/tvbelas\/wp-json\/wp\/v2\/posts\/3198\/revisions"}],"wp:featuredmedia":[{"embeddable":true,"href":"https:\/\/tvbelas.com\/tvbelas\/wp-json\/"}],"wp:attachment":[{"href":"https:\/\/tvbelas.com\/tvbelas\/wp-json\/wp\/v2\/media?parent=3198"}],"wp:term":[{"taxonomy":"category","embeddable":true,"href":"https:\/\/tvbelas.com\/tvbelas\/wp-json\/wp\/v2\/categories?post=3198"},{"taxonomy":"post_tag","embeddable":true,"href":"https:\/\/tvbelas.com\/tvbelas\/wp-json\/wp\/v2\/tags?post=3198"}],"curies":[{"name":"wp","href":"https:\/\/api.w.org\/{rel}","templated":true}]}}