{"id":3242,"date":"2021-01-08T09:21:00","date_gmt":"2021-01-08T08:21:00","guid":{"rendered":"http:\/\/tvbelas.com\/tvbelas\/?p=3242"},"modified":"2021-01-08T09:21:00","modified_gmt":"2021-01-08T08:21:00","slug":"o-presidente-trump-deve-ser-responsabilizado-diz-alberto-do-monaco","status":"publish","type":"post","link":"https:\/\/tvbelas.com\/tvbelas\/programa\/entretenimento\/o-presidente-trump-deve-ser-responsabilizado-diz-alberto-do-monaco\/","title":{"rendered":"&#8220;O presidente Trump deve ser responsabilizado&#8221;, diz Alberto do M\u00f3naco"},"content":{"rendered":"<p><span class=\"news_capital_letter\">A<\/span>s imagens dos violentos confrontos no Capit\u00f3lio, nos Estados Unidos, esta quarta-feira, n\u00e3o passaram despercebidas e j\u00e1 foram\u00a0<a href=\"https:\/\/www.noticiasaominuto.com\/fama\/1660233\/celebridades-revoltadas-com-invasao-ao-capitolio-norte-americano\" target=\"_blank\" rel=\"noopener noreferrer\">muitas as manifesta\u00e7\u00f5es que surgiram desde ent\u00e3o<\/a>. O pr\u00edncipe Alberto do M\u00f3naco tamb\u00e9m n\u00e3o ficou indiferente \u00e0 invas\u00e3o da autoria dos apoiantes de Donald Trump e afirmou que ficou &#8220;chocado&#8221; com o que aconteceu.<\/p>\n<p>&#8220;Esta n\u00e3o \u00e9 a Am\u00e9rica que eu conhe\u00e7o &#8211; aquela na qual cresci parcialmente, onde andei na escola. O presidente Trump tem que ser responsabilizado&#8221;, destacou o membro da realeza em conversa com a revista People.<\/p>\n<p>O filho da falecida atriz americana Grace Kelly &#8211; que se tornou princesa depois de se casar com o pr\u00edncipe Rainier em 1956 &#8211; foi parcialmente criado nos Estados Unidos, incluindo os quatro anos em que estudou no Amherst College, em Massachusetts. Numa conversa exclusiva com a revista, esta quinta-feira, mostrou-se triste e com &#8220;raiva ap\u00f3s os tr\u00e1gicos acontecimentos&#8221;.<\/p>\n<p>Alberto do M\u00f3naco contou que estava na casa de campo, Roc Agel, e assim que viu a not\u00edcia antes de ir para a casa ficou em &#8220;choque&#8221;. &#8220;\u00c9 simplesmente inacredit\u00e1vel. Ainda estou em choque, mas, ao mesmo tempo, n\u00e3o estou totalmente surpreso porque, infelizmente, era para onde est\u00e1vamos a caminhar&#8221;, acrescentou.<\/p>\n<p>&#8220;A minha rea\u00e7\u00e3o imediata foi de choque&#8221;, frisou. &#8220;A minha mulher [a princesa Charlene] j\u00e1 se tinha aposentado e eu disse-lhe depois. Foi choque e descren\u00e7a, e rapidamente se transformou em nojo, na verdade&#8221;, continuou. &#8220;Mas tamb\u00e9m raiva por isto ter acontecido e como foi alimentado pelo presidente Trump&#8221;, real\u00e7ou.<\/p>\n<p>Sendo um dos poucos l\u00edderes que se manifestou contra Donald Trump antes e depois do presidente ser eleito, Alberto do M\u00f3naco disse: &#8220;H\u00e1 meses, senti que iria haver grandes problemas em qualquer dire\u00e7\u00e3o que fosse a elei\u00e7\u00e3o. [&#8230;] Um presidente ainda no cargo que, direta e indiretamente, desencadeou uma revolta como esta. Concordo com aqueles que disseram que o presidente Trump deve ser responsabilizado por isso&#8221;.<\/p>\n","protected":false},"excerpt":{"rendered":"<p>As imagens dos violentos confrontos no Capit\u00f3lio, nos Estados Unidos, esta quarta-feira, n\u00e3o passaram despercebidas e j\u00e1 foram\u00a0muitas as manifesta\u00e7\u00f5es que surgiram desde ent\u00e3o. O pr\u00edncipe Alberto do M\u00f3naco tamb\u00e9m n\u00e3o ficou indiferente \u00e0 invas\u00e3o da autoria dos apoiantes de Donald Trump e afirmou que ficou &#8220;chocado&#8221; com o que aconteceu. &#8220;Esta n\u00e3o \u00e9 a [&hellip;]<\/p>\n","protected":false},"author":1,"featured_media":3244,"comment_status":"open","ping_status":"open","sticky":false,"template":"","format":"standard","meta":{"footnotes":""},"categories":[21],"tags":[],"class_list":{"0":"post-3242","1":"post","2":"type-post","3":"status-publish","4":"format-standard","5":"has-post-thumbnail","7":"category-entretenimento"},"amp_enabled":true,"_links":{"self":[{"href":"https:\/\/tvbelas.com\/tvbelas\/wp-json\/wp\/v2\/posts\/3242","targetHints":{"allow":["GET"]}}],"collection":[{"href":"https:\/\/tvbelas.com\/tvbelas\/wp-json\/wp\/v2\/posts"}],"about":[{"href":"https:\/\/tvbelas.com\/tvbelas\/wp-json\/wp\/v2\/types\/post"}],"author":[{"embeddable":true,"href":"https:\/\/tvbelas.com\/tvbelas\/wp-json\/wp\/v2\/users\/1"}],"replies":[{"embeddable":true,"href":"https:\/\/tvbelas.com\/tvbelas\/wp-json\/wp\/v2\/comments?post=3242"}],"version-history":[{"count":0,"href":"https:\/\/tvbelas.com\/tvbelas\/wp-json\/wp\/v2\/posts\/3242\/revisions"}],"wp:featuredmedia":[{"embeddable":true,"href":"https:\/\/tvbelas.com\/tvbelas\/wp-json\/"}],"wp:attachment":[{"href":"https:\/\/tvbelas.com\/tvbelas\/wp-json\/wp\/v2\/media?parent=3242"}],"wp:term":[{"taxonomy":"category","embeddable":true,"href":"https:\/\/tvbelas.com\/tvbelas\/wp-json\/wp\/v2\/categories?post=3242"},{"taxonomy":"post_tag","embeddable":true,"href":"https:\/\/tvbelas.com\/tvbelas\/wp-json\/wp\/v2\/tags?post=3242"}],"curies":[{"name":"wp","href":"https:\/\/api.w.org\/{rel}","templated":true}]}}