{"id":3250,"date":"2021-01-08T12:30:50","date_gmt":"2021-01-08T11:30:50","guid":{"rendered":"http:\/\/tvbelas.com\/tvbelas\/?p=3250"},"modified":"2021-01-08T12:30:50","modified_gmt":"2021-01-08T11:30:50","slug":"covid-19-eua-ultrapassam-pela-primeira-vez-4-000-mortes-em-24-horas","status":"publish","type":"post","link":"https:\/\/tvbelas.com\/tvbelas\/noticias\/internacional\/covid-19-eua-ultrapassam-pela-primeira-vez-4-000-mortes-em-24-horas\/","title":{"rendered":"Covid-19: EUA ultrapassam pela primeira vez 4.000 mortes em 24 horas"},"content":{"rendered":"<p><span class=\"news_bold\"><span class=\"news_capital_letter\">O <\/span>pa\u00eds registou na quinta-feira o recorde de 4.033 mortes atribu\u00edveis \u00e0\u00a0<span class=\"nanospell-typo\">covid<\/span>-19, segundo dados do\u00a0<span class=\"nanospell-typo\">Covid<\/span>\u00a0Tracking Project.<\/span><\/p>\n<p>Segundo dados oficiais, o n\u00famero total de mortes pela\u00a0<span class=\"nanospell-typo\">pandemia<\/span>\u00a0j\u00e1 chega aos 365.400 nos Estados Unidos, o pa\u00eds mais\u00a0<span class=\"nanospell-typo\">afetado<\/span>\u00a0pelo\u00a0<span class=\"nanospell-typo\">SARS<\/span>&#8211;<span class=\"nanospell-typo\">CoV<\/span>-2, com mais de 21,5 milh\u00f5es de pessoas\u00a0<span class=\"nanospell-typo\">infetadas<\/span>\u00a0entre os 88 milh\u00f5es de casos positivos registados em todo o mundo.<\/p>\n<p>O principal especialista em doen\u00e7as infecciosas Anthony\u00a0<span class=\"nanospell-typo\">Fauci<\/span>, que ser\u00e1 o conselheiro do Presidente eleito Joe\u00a0<span class=\"nanospell-typo\">Biden<\/span>, observou que o n\u00famero di\u00e1rio de mortes devido \u00e0\u00a0<span class=\"nanospell-typo\">covid<\/span>-19 continuar\u00e1 a aumentar nas pr\u00f3ximas semanas e recomendou paci\u00eancia com o programa de vacina\u00e7\u00e3o que est\u00e1 a ser preparado para todo o pa\u00eds, segundo os media locais.<\/p>\n<p>Numa entrevista \u00e0 r\u00e1dio norte-americana\u00a0<span class=\"nanospell-typo\">NPR<\/span>, citada pelo The New York Times,\u00a0<span class=\"nanospell-typo\">Fauci<\/span>\u00a0disse que o alto n\u00famero de mortos provavelmente continuar\u00e1 e \u00e9 um reflexo do aumento de viagens e reuni\u00f5es durante os feriados mais recentes.<\/p>\n<p><span class=\"news_bold\">&#8220;Acreditamos que as coisas v\u00e3o piorar \u00e0 medida que entrarmos em\u00a0<span class=\"nanospell-typo\">janeiro<\/span>&#8220;, disse, sublinhando que ainda \u00e9 poss\u00edvel &#8220;mitigar essa acelera\u00e7\u00e3o&#8221; com a ades\u00e3o estrita a medidas de sa\u00fade p\u00fablica, como distanciamento social e uso de m\u00e1scaras.<\/span><\/p>\n<p>De acordo com o jornal The New York Times, at\u00e9 agora,\u00a0<span class=\"news_bold\">pelo menos 5,9 milh\u00f5es de pessoas nos Estados Unidos receberam uma dose de uma das duas vacinas contra a\u00a0<span class=\"nanospell-typo\">covid<\/span>-19 que foram aprovadas, de acordo com os Centros de Controlo e Preven\u00e7\u00e3o de Doen\u00e7as.<\/span><\/p>\n<p>Esse n\u00famero est\u00e1 bem abaixo da meta estabelecida pelas autoridades federais, que planeiam vacinar pelo menos 20 milh\u00f5es de pessoas antes do final de\u00a0<span class=\"nanospell-typo\">dezembro<\/span>.<\/p>\n<p>A\u00a0<span class=\"nanospell-typo\">pandemia<\/span>\u00a0de\u00a0<span class=\"nanospell-typo\">covid<\/span>-19 provocou pelo menos 1.884.187 mortos resultantes de mais de 87,1 milh\u00f5es de casos de\u00a0<span class=\"nanospell-typo\">infe\u00e7\u00e3o<\/span>\u00a0em todo o mundo, segundo um balan\u00e7o feito pela ag\u00eancia francesa\u00a0<span class=\"nanospell-typo\">AFP<\/span>.<\/p>\n<p>Em Portugal, morreram 7.472 pessoas dos 456.533 casos de\u00a0<span class=\"nanospell-typo\">infe\u00e7\u00e3o<\/span>\u00a0confirmados, de acordo com o boletim mais recente da\u00a0<span class=\"nanospell-typo\">Dire\u00e7\u00e3o<\/span>-Geral da Sa\u00fade.<\/p>\n<p>O estado de emerg\u00eancia decretado em 09 de\u00a0<span class=\"nanospell-typo\">novembro<\/span>\u00a0para combater a\u00a0<span class=\"nanospell-typo\">pandemia<\/span>\u00a0foi renovado com efeitos desde as 00h00 de 08 de\u00a0<span class=\"nanospell-typo\">janeiro<\/span>, at\u00e9 dia 15.<\/p>\n<p>A doen\u00e7a \u00e9 transmitida por um novo coronav\u00edrus\u00a0<span class=\"nanospell-typo\">detetado<\/span>\u00a0no final de\u00a0<span class=\"nanospell-typo\">dezembro<\/span>\u00a0de 2019, em\u00a0<span class=\"nanospell-typo\">Wuhan<\/span>, uma cidade do centro da China.<\/p>\n","protected":false},"excerpt":{"rendered":"<p>O pa\u00eds registou na quinta-feira o recorde de 4.033 mortes atribu\u00edveis \u00e0\u00a0covid-19, segundo dados do\u00a0Covid\u00a0Tracking Project. Segundo dados oficiais, o n\u00famero total de mortes pela\u00a0pandemia\u00a0j\u00e1 chega aos 365.400 nos Estados Unidos, o pa\u00eds mais\u00a0afetado\u00a0pelo\u00a0SARS&#8211;CoV-2, com mais de 21,5 milh\u00f5es de pessoas\u00a0infetadas\u00a0entre os 88 milh\u00f5es de casos positivos registados em todo o mundo. O principal especialista [&hellip;]<\/p>\n","protected":false},"author":1,"featured_media":3252,"comment_status":"open","ping_status":"open","sticky":false,"template":"","format":"standard","meta":{"footnotes":""},"categories":[22],"tags":[],"class_list":{"0":"post-3250","1":"post","2":"type-post","3":"status-publish","4":"format-standard","5":"has-post-thumbnail","7":"category-internacional"},"amp_enabled":true,"_links":{"self":[{"href":"https:\/\/tvbelas.com\/tvbelas\/wp-json\/wp\/v2\/posts\/3250","targetHints":{"allow":["GET"]}}],"collection":[{"href":"https:\/\/tvbelas.com\/tvbelas\/wp-json\/wp\/v2\/posts"}],"about":[{"href":"https:\/\/tvbelas.com\/tvbelas\/wp-json\/wp\/v2\/types\/post"}],"author":[{"embeddable":true,"href":"https:\/\/tvbelas.com\/tvbelas\/wp-json\/wp\/v2\/users\/1"}],"replies":[{"embeddable":true,"href":"https:\/\/tvbelas.com\/tvbelas\/wp-json\/wp\/v2\/comments?post=3250"}],"version-history":[{"count":0,"href":"https:\/\/tvbelas.com\/tvbelas\/wp-json\/wp\/v2\/posts\/3250\/revisions"}],"wp:featuredmedia":[{"embeddable":true,"href":"https:\/\/tvbelas.com\/tvbelas\/wp-json\/"}],"wp:attachment":[{"href":"https:\/\/tvbelas.com\/tvbelas\/wp-json\/wp\/v2\/media?parent=3250"}],"wp:term":[{"taxonomy":"category","embeddable":true,"href":"https:\/\/tvbelas.com\/tvbelas\/wp-json\/wp\/v2\/categories?post=3250"},{"taxonomy":"post_tag","embeddable":true,"href":"https:\/\/tvbelas.com\/tvbelas\/wp-json\/wp\/v2\/tags?post=3250"}],"curies":[{"name":"wp","href":"https:\/\/api.w.org\/{rel}","templated":true}]}}