{"id":3362,"date":"2021-01-14T09:46:59","date_gmt":"2021-01-14T08:46:59","guid":{"rendered":"http:\/\/tvbelas.com\/tvbelas\/?p=3362"},"modified":"2021-01-14T09:46:59","modified_gmt":"2021-01-14T08:46:59","slug":"covid-19-reinfecoes-sao-raras-mas-podem-aumentar-risco-de-transmissa","status":"publish","type":"post","link":"https:\/\/tvbelas.com\/tvbelas\/noticias\/saude\/covid-19-reinfecoes-sao-raras-mas-podem-aumentar-risco-de-transmissa\/","title":{"rendered":"Covid-19: Reinfe\u00e7\u00f5es s\u00e3o raras, mas podem aumentar risco de transmiss\u00e3"},"content":{"rendered":"<p><span class=\"news_capital_letter\">F<\/span>icar\u00a0<span class=\"nanospell-typo\">infetado<\/span>\u00a0duas vezes com o v\u00edrus\u00a0<span class=\"nanospell-typo\">SARS<\/span>&#8211;<span class=\"nanospell-typo\">CoV<\/span>-2, respons\u00e1vel pela doen\u00e7a\u00a0<span class=\"nanospell-typo\">Covid<\/span>-19, \u00e9 raro, mas segundo um novo estudo realizado\u00a0por\u00a0profissionais de sa\u00fade do Reino Unido, estas\u00a0<span class=\"nanospell-typo\">reinfe\u00e7\u00f5es<\/span>\u00a0est\u00e3o tamb\u00e9m\u00a0associadas a um risco elevado de transmiss\u00e3o.<\/p>\n<p>O estudo &#8211; pr\u00e9-publicado no\u00a0<span class=\"nanospell-typo\">medRxiv<\/span>\u00a0a 14 de\u00a0<span class=\"nanospell-typo\">janeiro<\/span>\u00a0e\u00a0<a href=\"https:\/\/www.nature.com\/articles\/d41586-021-00071-6\" target=\"_blank\" rel=\"noopener noreferrer\">citado pela Nature<\/a>\u00a0&#8211; contou com com mais de 20.000 profissionais de sa\u00fade no Reino Unido e concluiu que as respostas imunol\u00f3gicas de\u00a0<span class=\"nanospell-typo\">infe\u00e7\u00f5es<\/span>\u00a0anteriores reduzem o risco de contrair o v\u00edrus novamente em 83%\u00a0durante, pelo menos, cinco meses.<\/p>\n<p>Em 2020, relatos de\u00a0<span class=\"nanospell-typo\">reinfe\u00e7\u00f5es<\/span>\u00a0abalaram a confian\u00e7a na capacidade no sistema\u00a0<span class=\"nanospell-typo\">imunit\u00e1rio<\/span>\u00a0de\u00a0manter as suas defesas contra o v\u00edrus. Os resultados provis\u00f3rios do estudo, chamado SIREN, v\u00eam oferecer alguma tranquilidade, disse Susan Hopkins, consultora m\u00e9dica\u00a0da Public Health England e l\u00edder do estudo, em confer\u00eancia de imprensa. Os dados sugerem que a imunidade natural pode ser t\u00e3o eficaz quanto a vacina\u00e7\u00e3o, acrescentou, pelo menos durante o per\u00edodo de cinco meses que o estudo cobriu at\u00e9 agora.<\/p>\n<p>Ainda que pouco comuns, os investigadores alertam\u00a0que as pessoas\u00a0<span class=\"nanospell-typo\">reinfetadas<\/span>\u00a0podem carregar altos n\u00edveis do v\u00edrus no nariz e na garganta, mesmo quando n\u00e3o apresentam sintomas. Essas cargas virais t\u00eam sido associadas a um risco elevado de transmiss\u00e3o do v\u00edrus a outras pessoas, disse Hopkins.<\/p>\n<p>O SIREN \u00e9 o maior estudo de\u00a0<span class=\"nanospell-typo\">reinfe\u00e7\u00e3o<\/span>\u00a0por\u00a0<span class=\"nanospell-typo\">coronav\u00edrus<\/span>\u00a0que rastreia sistematicamente\u00a0<span class=\"nanospell-typo\">infe\u00e7\u00f5es<\/span>\u00a0<span class=\"nanospell-typo\">assintom\u00e1ticas<\/span>, explicou a investigadora. Os participantes foram submetidos a exames de sangue para anticorpos\u00a0<span class=\"nanospell-typo\">SARS<\/span>&#8211;<span class=\"nanospell-typo\">CoV<\/span>-2 e testes de\u00a0<span class=\"nanospell-typo\">PCR<\/span>\u00a0para o v\u00edrus a cada duas a quatro semanas. Ao longo dos cinco meses, a equipa encontrou 44 poss\u00edveis\u00a0<span class=\"nanospell-typo\">reinfe\u00e7\u00f5es<\/span>. No grupo de 14.000 participantes que n\u00e3o haviam sido\u00a0<span class=\"nanospell-typo\">infetados<\/span>\u00a0anteriormente, 318 pessoas testaram positivo para o v\u00edrus.<\/p>\n<p>Alguns dos casos de\u00a0<span class=\"nanospell-typo\">reinfe\u00e7\u00e3o<\/span>\u00a0ainda est\u00e3o a ser avaliados. Todos os 44 casos s\u00e3o considerados &#8216;poss\u00edveis&#8217;\u00a0<span class=\"nanospell-typo\">reinfe\u00e7\u00f5es<\/span>\u00a0e foram classificados com base em testes de\u00a0<span class=\"nanospell-typo\">PCR<\/span>\u00a0combinados com medidas de triagem tomadas para reduzir o risco de re-<span class=\"nanospell-typo\">dete\u00e7\u00e3o<\/span>\u00a0do v\u00edrus desde a\u00a0<span class=\"nanospell-typo\">infe\u00e7\u00e3o<\/span>\u00a0inicial. At\u00e9 agora, apenas dois desses 44 casos passaram em testes mais rigorosos.<\/p>\n<p>De\u00a0momento, a equipa n\u00e3o tem dados suficientes para descobrir quem pode estar em maior risco de\u00a0<span class=\"nanospell-typo\">reinfe\u00e7\u00e3o<\/span>. E o\u00a0<span class=\"nanospell-typo\">imunologista<\/span>\u00a0George\u00a0<span class=\"nanospell-typo\">Kassiotis<\/span>, do Crick Institute, em Londres, observa que os participantes do estudo eram principalmente mulheres e bastante jovens. \u201c\u00c9 improv\u00e1vel que este grupo experimente a forma mais grave de\u00a0<span class=\"nanospell-typo\">Covid<\/span>-19\u201d, diz ele, \u201ce pode n\u00e3o ser representativo da popula\u00e7\u00e3o como um todo\u201d.<\/p>\n","protected":false},"excerpt":{"rendered":"<p>Ficar\u00a0infetado\u00a0duas vezes com o v\u00edrus\u00a0SARS&#8211;CoV-2, respons\u00e1vel pela doen\u00e7a\u00a0Covid-19, \u00e9 raro, mas segundo um novo estudo realizado\u00a0por\u00a0profissionais de sa\u00fade do Reino Unido, estas\u00a0reinfe\u00e7\u00f5es\u00a0est\u00e3o tamb\u00e9m\u00a0associadas a um risco elevado de transmiss\u00e3o. O estudo &#8211; pr\u00e9-publicado no\u00a0medRxiv\u00a0a 14 de\u00a0janeiro\u00a0e\u00a0citado pela Nature\u00a0&#8211; contou com com mais de 20.000 profissionais de sa\u00fade no Reino Unido e concluiu que as respostas [&hellip;]<\/p>\n","protected":false},"author":1,"featured_media":3364,"comment_status":"open","ping_status":"open","sticky":false,"template":"","format":"standard","meta":{"footnotes":""},"categories":[14],"tags":[],"class_list":{"0":"post-3362","1":"post","2":"type-post","3":"status-publish","4":"format-standard","5":"has-post-thumbnail","7":"category-saude"},"amp_enabled":true,"_links":{"self":[{"href":"https:\/\/tvbelas.com\/tvbelas\/wp-json\/wp\/v2\/posts\/3362","targetHints":{"allow":["GET"]}}],"collection":[{"href":"https:\/\/tvbelas.com\/tvbelas\/wp-json\/wp\/v2\/posts"}],"about":[{"href":"https:\/\/tvbelas.com\/tvbelas\/wp-json\/wp\/v2\/types\/post"}],"author":[{"embeddable":true,"href":"https:\/\/tvbelas.com\/tvbelas\/wp-json\/wp\/v2\/users\/1"}],"replies":[{"embeddable":true,"href":"https:\/\/tvbelas.com\/tvbelas\/wp-json\/wp\/v2\/comments?post=3362"}],"version-history":[{"count":0,"href":"https:\/\/tvbelas.com\/tvbelas\/wp-json\/wp\/v2\/posts\/3362\/revisions"}],"wp:featuredmedia":[{"embeddable":true,"href":"https:\/\/tvbelas.com\/tvbelas\/wp-json\/"}],"wp:attachment":[{"href":"https:\/\/tvbelas.com\/tvbelas\/wp-json\/wp\/v2\/media?parent=3362"}],"wp:term":[{"taxonomy":"category","embeddable":true,"href":"https:\/\/tvbelas.com\/tvbelas\/wp-json\/wp\/v2\/categories?post=3362"},{"taxonomy":"post_tag","embeddable":true,"href":"https:\/\/tvbelas.com\/tvbelas\/wp-json\/wp\/v2\/tags?post=3362"}],"curies":[{"name":"wp","href":"https:\/\/api.w.org\/{rel}","templated":true}]}}