{"id":3366,"date":"2021-01-14T09:51:42","date_gmt":"2021-01-14T08:51:42","guid":{"rendered":"http:\/\/tvbelas.com\/tvbelas\/?p=3366"},"modified":"2021-01-14T09:51:42","modified_gmt":"2021-01-14T08:51:42","slug":"ed-sheeran-quase-irreconhecivel-em-casting-antes-de-ser-famoso","status":"publish","type":"post","link":"https:\/\/tvbelas.com\/tvbelas\/programa\/entretenimento\/ed-sheeran-quase-irreconhecivel-em-casting-antes-de-ser-famoso\/","title":{"rendered":"Ed Sheeran (quase) irreconhec\u00edvel em casting antes de ser famoso"},"content":{"rendered":"<p><span class=\"news_capital_letter\">A<\/span>t\u00e9 que conseguisse ser reconhecido enquanto m\u00fasico, Ed Sheeran passou por v\u00e1rios desafios e, consequentemente, muitos n\u00e3os. Um v\u00eddeo recuperado pelo jornal Daily Mirror demonstra precisamente um desses momentos. Nele, Ed Sheeran \u00e9 rejeitado por Arlene Phillips, core\u00f3grafa.<\/p>\n<p>O artista de 29 anos aparece praticamente irreconhec\u00edvel ainda em adolescente, enquanto tenta impressionar a core\u00f3grafa no programa musical &#8216;Britannia High&#8217;, transmitido em 2008.<\/p>\n<p>Apesar de na altura a sua voz ter sido elogiada, o facto de n\u00e3o ter jeito para dan\u00e7ar fez com que acabasse por ser dispensado.<\/p>\n<p>Quis o destino que anos mais tarde, em 2011, Ed Sheeran se viesse a tornar uma estrela com o lan\u00e7amento do seu primeiro \u00e1lbum.<\/p>\n<p>Tendo sido pai pela primeira vez h\u00e1 pouco tempo, o cantor est\u00e1 agora a fazer uma pausa na carreira de forma a dedicar-se \u00e0 fam\u00edlia.<\/p>\n<p>Entretanto, recorde o momento&#8230;<\/p>\n<p><iframe loading=\"lazy\" src=\"https:\/\/www.youtube.com\/embed\/ODTKedRXxwA\" width=\"560\" height=\"315\" frameborder=\"0\" data-mce-fragment=\"1\"><\/iframe><\/p>\n<div class=\"hidden-xs hidden-sm hidden-md\">\n<div class=\"margin-bottom-20\">\n<div id=\"InContentPos1\" data-pub-siteid=\"NEWADVENTURES_Noticias_ao_Minuto\" data-pub-pageid=\"ARTICLE_Fama\" data-pub-formatid=\"InContent\" data-pub-lazy=\"false\" data-pub-target=\"category=fama;slug=ed-sheeran-quase-irreconhecivel-em-casting-antes-de-ser-famoso;slugid=1665342\" data-pub=\"appNexus\" data-pub-counted=\"yes\" data-pub-processed=\"yes\" data-pub-rendered=\"yes\">\n<div id=\"div_utif_InContentPos1\"><\/div>\n<\/div>\n<\/div>\n<\/div>\n","protected":false},"excerpt":{"rendered":"<p>At\u00e9 que conseguisse ser reconhecido enquanto m\u00fasico, Ed Sheeran passou por v\u00e1rios desafios e, consequentemente, muitos n\u00e3os. Um v\u00eddeo recuperado pelo jornal Daily Mirror demonstra precisamente um desses momentos. Nele, Ed Sheeran \u00e9 rejeitado por Arlene Phillips, core\u00f3grafa. O artista de 29 anos aparece praticamente irreconhec\u00edvel ainda em adolescente, enquanto tenta impressionar a core\u00f3grafa no [&hellip;]<\/p>\n","protected":false},"author":1,"featured_media":3368,"comment_status":"open","ping_status":"open","sticky":false,"template":"","format":"standard","meta":{"footnotes":""},"categories":[21],"tags":[],"class_list":{"0":"post-3366","1":"post","2":"type-post","3":"status-publish","4":"format-standard","5":"has-post-thumbnail","7":"category-entretenimento"},"amp_enabled":true,"_links":{"self":[{"href":"https:\/\/tvbelas.com\/tvbelas\/wp-json\/wp\/v2\/posts\/3366","targetHints":{"allow":["GET"]}}],"collection":[{"href":"https:\/\/tvbelas.com\/tvbelas\/wp-json\/wp\/v2\/posts"}],"about":[{"href":"https:\/\/tvbelas.com\/tvbelas\/wp-json\/wp\/v2\/types\/post"}],"author":[{"embeddable":true,"href":"https:\/\/tvbelas.com\/tvbelas\/wp-json\/wp\/v2\/users\/1"}],"replies":[{"embeddable":true,"href":"https:\/\/tvbelas.com\/tvbelas\/wp-json\/wp\/v2\/comments?post=3366"}],"version-history":[{"count":0,"href":"https:\/\/tvbelas.com\/tvbelas\/wp-json\/wp\/v2\/posts\/3366\/revisions"}],"wp:featuredmedia":[{"embeddable":true,"href":"https:\/\/tvbelas.com\/tvbelas\/wp-json\/"}],"wp:attachment":[{"href":"https:\/\/tvbelas.com\/tvbelas\/wp-json\/wp\/v2\/media?parent=3366"}],"wp:term":[{"taxonomy":"category","embeddable":true,"href":"https:\/\/tvbelas.com\/tvbelas\/wp-json\/wp\/v2\/categories?post=3366"},{"taxonomy":"post_tag","embeddable":true,"href":"https:\/\/tvbelas.com\/tvbelas\/wp-json\/wp\/v2\/tags?post=3366"}],"curies":[{"name":"wp","href":"https:\/\/api.w.org\/{rel}","templated":true}]}}