{"id":3380,"date":"2021-01-25T08:15:28","date_gmt":"2021-01-25T07:15:28","guid":{"rendered":"http:\/\/tvbelas.com\/tvbelas\/?p=3380"},"modified":"2021-01-25T08:15:28","modified_gmt":"2021-01-25T07:15:28","slug":"felix-substituido-nao-esta-escrito-que-tenha-de-atuar-90-minutos","status":"publish","type":"post","link":"https:\/\/tvbelas.com\/tvbelas\/noticias\/desporto\/felix-substituido-nao-esta-escrito-que-tenha-de-atuar-90-minutos\/","title":{"rendered":"&#8220;F\u00e9lix substitu\u00eddo? N\u00e3o est\u00e1 escrito que tenha de atuar 90 minutos&#8221;"},"content":{"rendered":"<p><span class=\"news_capital_letter\">O <\/span>Atl\u00e9tico de Madrid venceu, neste domingo, o Valencia, por 3-1, num duelo relativo \u00e0 20.\u00aa jornada da Liga espanhola.<\/p>\n<p>O internacional portugu\u00eas foi substitu\u00eddo \u00e0 passagem dos 62 minutos depois de marcar um golo e facturar uma assist\u00eancia. No final da partida Diego &#8216;<span class=\"nanospell-typo\">Cholo<\/span>&#8216;\u00a0<span class=\"nanospell-typo\">Simeone<\/span>\u00a0foi conquistado se podia pesar mentalmente a Jo\u00e3o F\u00e9lix ser removido de campo, pese embora ter marcado.<\/p>\n<p>&#8220;\u00c9 uma pergunta para ele, n\u00e3o para mim&#8221;,\u00a0come\u00e7ou por dizer o treinador\u00a0<span class=\"nanospell-typo\">colchonero<\/span>.<\/p>\n<div class=\"hidden-xs hidden-sm hidden-md\">\n<div class=\"margin-bottom-20\">\n<div id=\"InContentPos1\" data-pub-siteid=\"NEWADVENTURES_Noticias_ao_Minuto\" data-pub-pageid=\"ARTICLE_Desporto\" data-pub-formatid=\"InContent\" data-pub-lazy=\"false\" data-pub-target=\"category=desporto;slug=felix-substituido-nao-esta-escrito-que-tenha-de-atuar-90-minutos;slugid=1673580\" data-pub=\"appNexus\" data-pub-counted=\"yes\" data-pub-processed=\"yes\" data-pub-rendered=\"yes\"><\/div>\n<\/div>\n<\/div>\n<p>&#8220;N\u00e3o est\u00e1 escrito que os jogadores de futebol tenham de jogar 90 minutos. Existem cinco mudan\u00e7as poss\u00edveis o que permite a todos competirem e n\u00f3s estamos todos envolvidos neste projecto.. O Jo\u00e3o fez um golo e uma assist\u00eancia, fez um bom trabalho, o\u00a0<span class=\"nanospell-typo\">Correa<\/span>\u00a0saiu, fez um golo e esteve perto de fazer outro. A competi\u00e7\u00e3o \u00e9 saud\u00e1vel e a equipa \u00e9 que sai a ganhar&#8221;, acrescentou\u00a0<span class=\"nanospell-typo\">Simeone<\/span>.<\/p>\n","protected":false},"excerpt":{"rendered":"<p>O Atl\u00e9tico de Madrid venceu, neste domingo, o Valencia, por 3-1, num duelo relativo \u00e0 20.\u00aa jornada da Liga espanhola. O internacional portugu\u00eas foi substitu\u00eddo \u00e0 passagem dos 62 minutos depois de marcar um golo e facturar uma assist\u00eancia. No final da partida Diego &#8216;Cholo&#8216;\u00a0Simeone\u00a0foi conquistado se podia pesar mentalmente a Jo\u00e3o F\u00e9lix ser removido [&hellip;]<\/p>\n","protected":false},"author":1,"featured_media":3382,"comment_status":"open","ping_status":"open","sticky":false,"template":"","format":"standard","meta":{"footnotes":""},"categories":[19],"tags":[],"class_list":{"0":"post-3380","1":"post","2":"type-post","3":"status-publish","4":"format-standard","5":"has-post-thumbnail","7":"category-desporto"},"amp_enabled":true,"_links":{"self":[{"href":"https:\/\/tvbelas.com\/tvbelas\/wp-json\/wp\/v2\/posts\/3380","targetHints":{"allow":["GET"]}}],"collection":[{"href":"https:\/\/tvbelas.com\/tvbelas\/wp-json\/wp\/v2\/posts"}],"about":[{"href":"https:\/\/tvbelas.com\/tvbelas\/wp-json\/wp\/v2\/types\/post"}],"author":[{"embeddable":true,"href":"https:\/\/tvbelas.com\/tvbelas\/wp-json\/wp\/v2\/users\/1"}],"replies":[{"embeddable":true,"href":"https:\/\/tvbelas.com\/tvbelas\/wp-json\/wp\/v2\/comments?post=3380"}],"version-history":[{"count":0,"href":"https:\/\/tvbelas.com\/tvbelas\/wp-json\/wp\/v2\/posts\/3380\/revisions"}],"wp:featuredmedia":[{"embeddable":true,"href":"https:\/\/tvbelas.com\/tvbelas\/wp-json\/"}],"wp:attachment":[{"href":"https:\/\/tvbelas.com\/tvbelas\/wp-json\/wp\/v2\/media?parent=3380"}],"wp:term":[{"taxonomy":"category","embeddable":true,"href":"https:\/\/tvbelas.com\/tvbelas\/wp-json\/wp\/v2\/categories?post=3380"},{"taxonomy":"post_tag","embeddable":true,"href":"https:\/\/tvbelas.com\/tvbelas\/wp-json\/wp\/v2\/tags?post=3380"}],"curies":[{"name":"wp","href":"https:\/\/api.w.org\/{rel}","templated":true}]}}