{"id":3672,"date":"2021-02-12T18:08:04","date_gmt":"2021-02-12T17:08:04","guid":{"rendered":"http:\/\/tvbelas.com\/tvbelas\/?p=3672"},"modified":"2021-02-12T18:08:04","modified_gmt":"2021-02-12T17:08:04","slug":"ascofa-junta-se-ao-governo-provincial-na-campanha-de-recolha-e-limpeza-da-cidade-capital","status":"publish","type":"post","link":"https:\/\/tvbelas.com\/tvbelas\/noticias\/politica-angola\/ascofa-junta-se-ao-governo-provincial-na-campanha-de-recolha-e-limpeza-da-cidade-capital\/","title":{"rendered":"ASCOFA. JUNTA-SE AO GOVERNO PROVINCIAL DE LUANDA, NA CAMPANHA DE RECOLHA E LIMPEZA DA CIDADE CAPITAL"},"content":{"rendered":"<p>A Associa\u00e7\u00e3o de Apoio para os Antigos Combatentes da ex FAPLA (ASCOFA) Realizou\u00a0 hoje em Luanda o acto de apresenta\u00e7\u00e3o e cooperativa de saneamento b\u00e1sico.<\/p>\n<p>O objetivo e o principal ponto de partida, constitu\u00edda pela dire\u00e7\u00e3o \u00e9 de auxiliar a comiss\u00e3o administrativa de Luanda, no combate ao lixo na cidade capital.<\/p>\n<p>Face a situa\u00e7\u00e3o a que, a prov\u00edncia se encontra a ASCOFA Junta-se \u00a0ao Governo de Luanda para uma boa causa no sentido de empregar os ex militares e esposas de antigos combatentes e por outra manter a cidade limpa com a cooperativa de saneamento b\u00e1sico.<\/p>\n<p>Os Associados mostram-se felizes e dispostos a cooperarem, ainda que seja para enquadrar os seus filhos, pois consideram justa a oferta e\u00a0 sentem-se agradecidos pela decis\u00e3o tomada pela dire\u00e7\u00e3o da ex FAPLA (ASCOFA) \u00a0e da oportunidade que a Governador de Luanda Joana Lina por Acreditar na ASCOFA , os ex FAPLA (ASCOFA) acreditam que est\u00e3o no bom caminho.<\/p>\n","protected":false},"excerpt":{"rendered":"<p>A Associa\u00e7\u00e3o de Apoio para os Antigos Combatentes da ex FAPLA (ASCOFA) Realizou\u00a0 hoje em Luanda o acto de apresenta\u00e7\u00e3o e cooperativa de saneamento b\u00e1sico. O objetivo e o principal ponto de partida, constitu\u00edda pela dire\u00e7\u00e3o \u00e9 de auxiliar a comiss\u00e3o administrativa de Luanda, no combate ao lixo na cidade capital. Face a situa\u00e7\u00e3o a [&hellip;]<\/p>\n","protected":false},"author":1,"featured_media":3671,"comment_status":"open","ping_status":"open","sticky":false,"template":"","format":"standard","meta":{"footnotes":""},"categories":[12],"tags":[],"class_list":{"0":"post-3672","1":"post","2":"type-post","3":"status-publish","4":"format-standard","5":"has-post-thumbnail","7":"category-politica-angola"},"amp_enabled":true,"_links":{"self":[{"href":"https:\/\/tvbelas.com\/tvbelas\/wp-json\/wp\/v2\/posts\/3672","targetHints":{"allow":["GET"]}}],"collection":[{"href":"https:\/\/tvbelas.com\/tvbelas\/wp-json\/wp\/v2\/posts"}],"about":[{"href":"https:\/\/tvbelas.com\/tvbelas\/wp-json\/wp\/v2\/types\/post"}],"author":[{"embeddable":true,"href":"https:\/\/tvbelas.com\/tvbelas\/wp-json\/wp\/v2\/users\/1"}],"replies":[{"embeddable":true,"href":"https:\/\/tvbelas.com\/tvbelas\/wp-json\/wp\/v2\/comments?post=3672"}],"version-history":[{"count":0,"href":"https:\/\/tvbelas.com\/tvbelas\/wp-json\/wp\/v2\/posts\/3672\/revisions"}],"wp:featuredmedia":[{"embeddable":true,"href":"https:\/\/tvbelas.com\/tvbelas\/wp-json\/"}],"wp:attachment":[{"href":"https:\/\/tvbelas.com\/tvbelas\/wp-json\/wp\/v2\/media?parent=3672"}],"wp:term":[{"taxonomy":"category","embeddable":true,"href":"https:\/\/tvbelas.com\/tvbelas\/wp-json\/wp\/v2\/categories?post=3672"},{"taxonomy":"post_tag","embeddable":true,"href":"https:\/\/tvbelas.com\/tvbelas\/wp-json\/wp\/v2\/tags?post=3672"}],"curies":[{"name":"wp","href":"https:\/\/api.w.org\/{rel}","templated":true}]}}