{"id":3925,"date":"2021-03-11T10:06:45","date_gmt":"2021-03-11T09:06:45","guid":{"rendered":"http:\/\/tvbelas.com\/tvbelas\/?p=3925"},"modified":"2021-03-11T10:06:45","modified_gmt":"2021-03-11T09:06:45","slug":"myanmar-mais-sete-manifestantes-mortos-pelas-forcas-de-seguranca","status":"publish","type":"post","link":"https:\/\/tvbelas.com\/tvbelas\/noticias\/internacional\/myanmar-mais-sete-manifestantes-mortos-pelas-forcas-de-seguranca\/","title":{"rendered":"Myanmar: Mais sete manifestantes mortos pelas for\u00e7as de seguran\u00e7a"},"content":{"rendered":"<p><span class=\"news_capital_letter\">U<\/span>m manifestante foi baleado na cabe\u00e7a no distrito de\u00a0<span class=\"nanospell-typo\">Dagon<\/span>\u00a0Norte, em\u00a0<span class=\"nanospell-typo\">Rangum<\/span>, disse uma testemunha \u00e0 ag\u00eancia de not\u00edcias\u00a0<span class=\"nanospell-typo\">Efe<\/span>.<\/p>\n<p>Na cidade de\u00a0<span class=\"nanospell-typo\">Myaing<\/span>, na regi\u00e3o central de\u00a0<span class=\"nanospell-typo\">Magway<\/span>, seis pessoas foram mortas a tiro pelas for\u00e7as de seguran\u00e7a, indicou um trabalhador hospitalar local, enquanto v\u00e1rias ficaram feridas.<\/p>\n<p>A repress\u00e3o ocorreu durante um novo dia de manifesta\u00e7\u00f5es em v\u00e1rias cidades do pa\u00eds para protestar contra o golpe de Estado militar a 01 de\u00a0<span class=\"nanospell-typo\">fevereiro<\/span>.<\/p>\n<p>Os acontecimentos tiveram lugar ap\u00f3s o Conselho de Seguran\u00e7a da\u00a0<span class=\"nanospell-typo\">ONU<\/span>\u00a0ter acordado na quarta-feira condenar a repress\u00e3o violenta dos protestos, mas sem discutir poss\u00edveis medidas em resposta ao golpe de Estado face \u00e0 oposi\u00e7\u00e3o de v\u00e1rios Estados-membros.<\/p>\n<p>De acordo com fontes diplom\u00e1ticas, os 15 pa\u00edses concordaram com um texto de compromisso, apelando \u00e0 conten\u00e7\u00e3o dos militares e \u00e0 liberta\u00e7\u00e3o imediata de todas as pessoas detidas arbitrariamente.<\/p>\n<p>Entretanto, a organiza\u00e7\u00e3o n\u00e3o-governamental (<span class=\"nanospell-typo\">ONG<\/span>) Amnistia Internacional verificou um total de 55 v\u00eddeos nos quais se v\u00ea o assass\u00ednio de manifestantes pela pol\u00edcia e soldados.<\/p>\n<p>Numa declara\u00e7\u00e3o, a\u00a0<span class=\"nanospell-typo\">ONG<\/span>\u00a0acrescentou que a an\u00e1lise dos v\u00eddeos, feita por simples cidad\u00e3os e pelos meios de comunica\u00e7\u00e3o social, com partilha nas redes sociais, demonstraram uma estrat\u00e9gia cada vez mais letal por parte das autoridades militares.<\/p>\n<p>Pelo menos 60 manifestantes e dissidentes foram mortos pelas for\u00e7as de seguran\u00e7a e pelos militares desde o golpe.<\/p>\n<div class=\"hidden-xs hidden-sm hidden-md\">\n<div class=\"margin-bottom-20\">\n<div id=\"InContentPos1\" data-pub-siteid=\"NEWADVENTURES_Noticias_ao_Minuto\" data-pub-pageid=\"ARTICLE_Mundo\" data-pub-formatid=\"InContent\" data-pub-lazy=\"false\" data-pub-target=\"category=mundo;slug=myanmar-mais-sete-manifestantes-mortos-pelas-forcas-de-seguranca;slugid=1707399\" data-pub=\"appNexus\" data-pub-counted=\"yes\" data-pub-processed=\"yes\" data-pub-rendered=\"yes\">\n<div id=\"div_utif_InContentPos1\"><\/div>\n<\/div>\n<\/div>\n<\/div>\n","protected":false},"excerpt":{"rendered":"<p>Um manifestante foi baleado na cabe\u00e7a no distrito de\u00a0Dagon\u00a0Norte, em\u00a0Rangum, disse uma testemunha \u00e0 ag\u00eancia de not\u00edcias\u00a0Efe. Na cidade de\u00a0Myaing, na regi\u00e3o central de\u00a0Magway, seis pessoas foram mortas a tiro pelas for\u00e7as de seguran\u00e7a, indicou um trabalhador hospitalar local, enquanto v\u00e1rias ficaram feridas. A repress\u00e3o ocorreu durante um novo dia de manifesta\u00e7\u00f5es em v\u00e1rias cidades [&hellip;]<\/p>\n","protected":false},"author":1,"featured_media":3927,"comment_status":"open","ping_status":"open","sticky":false,"template":"","format":"standard","meta":{"footnotes":""},"categories":[22],"tags":[],"class_list":{"0":"post-3925","1":"post","2":"type-post","3":"status-publish","4":"format-standard","5":"has-post-thumbnail","7":"category-internacional"},"amp_enabled":true,"_links":{"self":[{"href":"https:\/\/tvbelas.com\/tvbelas\/wp-json\/wp\/v2\/posts\/3925","targetHints":{"allow":["GET"]}}],"collection":[{"href":"https:\/\/tvbelas.com\/tvbelas\/wp-json\/wp\/v2\/posts"}],"about":[{"href":"https:\/\/tvbelas.com\/tvbelas\/wp-json\/wp\/v2\/types\/post"}],"author":[{"embeddable":true,"href":"https:\/\/tvbelas.com\/tvbelas\/wp-json\/wp\/v2\/users\/1"}],"replies":[{"embeddable":true,"href":"https:\/\/tvbelas.com\/tvbelas\/wp-json\/wp\/v2\/comments?post=3925"}],"version-history":[{"count":0,"href":"https:\/\/tvbelas.com\/tvbelas\/wp-json\/wp\/v2\/posts\/3925\/revisions"}],"wp:featuredmedia":[{"embeddable":true,"href":"https:\/\/tvbelas.com\/tvbelas\/wp-json\/"}],"wp:attachment":[{"href":"https:\/\/tvbelas.com\/tvbelas\/wp-json\/wp\/v2\/media?parent=3925"}],"wp:term":[{"taxonomy":"category","embeddable":true,"href":"https:\/\/tvbelas.com\/tvbelas\/wp-json\/wp\/v2\/categories?post=3925"},{"taxonomy":"post_tag","embeddable":true,"href":"https:\/\/tvbelas.com\/tvbelas\/wp-json\/wp\/v2\/tags?post=3925"}],"curies":[{"name":"wp","href":"https:\/\/api.w.org\/{rel}","templated":true}]}}