{"id":3929,"date":"2021-03-11T10:11:22","date_gmt":"2021-03-11T09:11:22","guid":{"rendered":"http:\/\/tvbelas.com\/tvbelas\/?p=3929"},"modified":"2021-03-11T10:11:22","modified_gmt":"2021-03-11T09:11:22","slug":"assistente-acusa-cuomo-de-lhe-ter-colocado-a-mao-debaixo-da-blusa","status":"publish","type":"post","link":"https:\/\/tvbelas.com\/tvbelas\/noticias\/internacional\/assistente-acusa-cuomo-de-lhe-ter-colocado-a-mao-debaixo-da-blusa\/","title":{"rendered":"Assistente acusa Cuomo de lhe ter colocado a m\u00e3o &#8220;debaixo da blusa&#8221;"},"content":{"rendered":"<p><span class=\"news_capital_letter\">O<\/span>esc\u00e2ndalo de ass\u00e9dio sexual que envolve o governador de Nova Iorque, Andrew Cuomo, escalou esta quarta-feira com novas alega\u00e7\u00f5es de que este ter\u00e1 colocado a m\u00e3o debaixo da blusa de uma das suas assistentes e a apalpou enquanto estavam sozinhos numa sala dentro da Mans\u00e3o Executiva, em Albany.<\/p>\n<p>O incidente ter\u00e1 acontecido quando a mulher foi chamada para ajudar Cuomo a resolver um problema com o seu telem\u00f3vel. Esta ter-lhe-\u00e1 pedido para parar, reporta o Albany Times Union.<\/p>\n<p>Esta \u00e9, at\u00e9 agora, a acusa\u00e7\u00e3o mais grave feita contra o governador de Nova Iorque, que\u00a0<a href=\"https:\/\/www.noticiasaominuto.com\/mundo\/1704468\/terceira-antiga-colaboradora-acusa-andrew-cuomo-de-conduta-inapropriada\" target=\"_blank\" rel=\"noopener\">foi acusado, no total, por cinco mulheres &#8211; quatro das quais suas ex-assistentes<\/a>\u00a0&#8211; de comportamentos inadequados e ass\u00e9dio sexual<\/p>\n<p>Esta \u00faltima den\u00fancia ser\u00e1 referente a um caso que aconteceu no final do ano passado,\u00a0 depois de Cuomo ter chamado a mulher e fechado a porta da sala no segundo andar da resid\u00eancia oficial. A mulher refere que este tipo de comportamentos era frequente por parte do homem de 64 anos.<\/p>\n<p>O Albany Times indica que a den\u00fancia foi feita por uma testemunha pr\u00f3xima da alegada v\u00edtima, a quem esta ter\u00e1 partilhado os pormenores do sucedido. A identidade da v\u00edtima permanece an\u00f3nima.<\/p>\n<p>A mulher ter\u00e1 denunciado a situa\u00e7\u00e3o depois de ter ouvido uma confer\u00eancia de imprensa de Cuomo, no dia 3 de mar\u00e7o, em que este garantiu que nunca &#8220;tinha tocado em ningu\u00e9m de forma inapropriada&#8221;.<\/p>\n<p>&#8220;Digo claramente que nunca toquei em algu\u00e9m inapropriadamente, nunca fiz propostas (sexuais) a algu\u00e9m e nunca quis fazer quem quer que fosse sentir-se desconfort\u00e1vel, mas os nova-iorquinos merecem respostas a estas alega\u00e7\u00f5es&#8221;, afirmou o governador, que ocupa o cargo h\u00e1 10 anos. Admitiu, contudo, que as suas &#8220;intera\u00e7\u00f5es possam ter sido insens\u00edveis ou demasiado pessoais e que alguns dos meus coment\u00e1rios, dada a minha posi\u00e7\u00e3o, fizeram outros sentir-se de uma forma que nunca pretendi que se sentissem&#8221;.<\/p>\n","protected":false},"excerpt":{"rendered":"<p>Oesc\u00e2ndalo de ass\u00e9dio sexual que envolve o governador de Nova Iorque, Andrew Cuomo, escalou esta quarta-feira com novas alega\u00e7\u00f5es de que este ter\u00e1 colocado a m\u00e3o debaixo da blusa de uma das suas assistentes e a apalpou enquanto estavam sozinhos numa sala dentro da Mans\u00e3o Executiva, em Albany. O incidente ter\u00e1 acontecido quando a mulher [&hellip;]<\/p>\n","protected":false},"author":1,"featured_media":3931,"comment_status":"open","ping_status":"open","sticky":false,"template":"","format":"standard","meta":{"footnotes":""},"categories":[22],"tags":[],"class_list":{"0":"post-3929","1":"post","2":"type-post","3":"status-publish","4":"format-standard","5":"has-post-thumbnail","7":"category-internacional"},"amp_enabled":true,"_links":{"self":[{"href":"https:\/\/tvbelas.com\/tvbelas\/wp-json\/wp\/v2\/posts\/3929","targetHints":{"allow":["GET"]}}],"collection":[{"href":"https:\/\/tvbelas.com\/tvbelas\/wp-json\/wp\/v2\/posts"}],"about":[{"href":"https:\/\/tvbelas.com\/tvbelas\/wp-json\/wp\/v2\/types\/post"}],"author":[{"embeddable":true,"href":"https:\/\/tvbelas.com\/tvbelas\/wp-json\/wp\/v2\/users\/1"}],"replies":[{"embeddable":true,"href":"https:\/\/tvbelas.com\/tvbelas\/wp-json\/wp\/v2\/comments?post=3929"}],"version-history":[{"count":0,"href":"https:\/\/tvbelas.com\/tvbelas\/wp-json\/wp\/v2\/posts\/3929\/revisions"}],"wp:featuredmedia":[{"embeddable":true,"href":"https:\/\/tvbelas.com\/tvbelas\/wp-json\/"}],"wp:attachment":[{"href":"https:\/\/tvbelas.com\/tvbelas\/wp-json\/wp\/v2\/media?parent=3929"}],"wp:term":[{"taxonomy":"category","embeddable":true,"href":"https:\/\/tvbelas.com\/tvbelas\/wp-json\/wp\/v2\/categories?post=3929"},{"taxonomy":"post_tag","embeddable":true,"href":"https:\/\/tvbelas.com\/tvbelas\/wp-json\/wp\/v2\/tags?post=3929"}],"curies":[{"name":"wp","href":"https:\/\/api.w.org\/{rel}","templated":true}]}}