{"id":4122,"date":"2021-03-27T21:37:28","date_gmt":"2021-03-27T20:37:28","guid":{"rendered":"http:\/\/tvbelas.com\/tvbelas\/?p=4122"},"modified":"2021-03-27T21:37:28","modified_gmt":"2021-03-27T20:37:28","slug":"familia-do-futebol-angolano-preocupada-assustada-e-apavorada-com-luta-do-elenco-cessante-para-manter-se-a-dirigir-a-faf","status":"publish","type":"post","link":"https:\/\/tvbelas.com\/tvbelas\/noticias\/desporto\/familia-do-futebol-angolano-preocupada-assustada-e-apavorada-com-luta-do-elenco-cessante-para-manter-se-a-dirigir-a-faf\/","title":{"rendered":"FAMILIA DO FUTEBOL ANGOLANO PREOCUPADA ASSUSTADA E APAVORADA COM LUTA DO ELENCO CESSANTE PARA MANTER-SE A DIRIGIR A FAF."},"content":{"rendered":"<p>Continua a prega\u00e7\u00e3o do futebol angolano na busca de caminhos para tentar chegar a um porto seguro.<br \/>\nEntretanto, est\u00e1 dif\u00edcil.<br \/>\nDepois do rocambolesco processo eleitoral que em Novembro de 2020 determinou a vit\u00f3ria da lista B, mesmo sem ter ganho nas principais pra\u00e7as do futebol nacional e sem contar com o voto dos principais clubes da 1\u00aa divis\u00e3o, Artur Almeida e Silva candidato que concorreu \u00e0 sua pr\u00f3pria sucess\u00e3o obteve 70 votos a favor, num total de 171 eleitores.<br \/>\nO vencedor (lista B) bateu na concorr\u00eancia Fernando da Trindade Jord\u00e3o (lista A &#8211; 59 votos), Ant\u00f3nio Gomes (C &#8211; 28 votos) e Jos\u00e9 Alberto Macaia (D &#8211; 8 votos).<br \/>\nEntretanto, o processo que j\u00e1 nasceu torno, tal como escreveu o articulista do Jornal de ANGOLA, com &#8216;buffet&#8217; pago e convites distribu\u00eddos, o Tribunal Provincial de Luanda (TPL), com base na Lei e na Provid\u00eancia Cautelar de Norberto de Castro, entendeu suspender a tomada de posse do presidente reeleito da Federa\u00e7\u00e3o Angolana de Futebol (FAF), Artur de Almeida e Silva e seu elenco.<br \/>\nPassados quase 5 meses, os associados liderados pela APF de Luanda e solicitaram a mesa da assembleia geral um conclave para se debater a situa\u00e7\u00e3o a que esta votada o \u00f3rg\u00e3o que rege o futebol nacional e qui\u00e7\u00e1 anular o pleito ou nomear uma comiss\u00e3o de gest\u00e3o.<br \/>\nEis que em defesa da sua dama o \u00f3rg\u00e3o m\u00e1ximo da FAF emitiu um comunicado, considerado nos meios do futebol como d\u00fabio e sem raz\u00e3o de ser, pois nega um direito dos associados que s\u00e3o \u00e1s APF\u2019S, associa\u00e7\u00f5es de classe e clubes.<br \/>\nEm busca de opini\u00f5es abalizadas sobre o tema a TV BELAS foi a busca da opini\u00e3o de AUGUSTO SILVA ALVARITO, dirigente desportivo que j\u00e1 foi Secret\u00e1rio geral da FAF.<br \/>\n\u201cEsta \u00e9 a maior aberra\u00e7\u00e3o demonstrada pela actual Direc\u00e7\u00e3o da FAF. A Mesa da Assembleia Geral, n\u00e3o \u00e9 um tribunal para julgar e condenar uma ac\u00e7\u00e3o LEGAL dos associados que comp\u00f5em a ASSEMBLEIA GERAL. A partir do momento que d\u00e1 entrada na secretaria da FAF o pedido de convoca\u00e7\u00e3o da ASSEMBLEIA GERAL EXTRAORDIN\u00c1RIA, dentro dos preceitos legais que assistem os associados no pleno gozo dos seus direitos, a Mesa da Assembleia Geral, enquanto APENAS um dos \u00f3rg\u00e3os sociais eleitos, n\u00e3o tem compet\u00eancias para inviabilizar a realiza\u00e7\u00e3o da solicita\u00e7\u00e3o da Assembleia Geral\u201d.<br \/>\nNo seu depoimento a TV BELAS, Alvarito continuou dizendo: \u201cNeste documento emitido pela FAF, n\u00e3o fazem alus\u00e3o a nenhuma irregularidade da lei 06\/14 e nem dos Estatutos da FAF. Foram cumpridos os preceitos legais. A Mesa da Assembleia Geral competia unicamente convocar. Pois n\u00e3o nos esque\u00e7amos, que a ASSEMBLEIA GERAL \u00e9 soberana nos preceitos legais, para eleger ou destituir inclusivamente a Mesa da Assembleia Geral, que nada \u00e9 sen\u00e3o um dos \u00f3rg\u00e3os sociais, eleitos pela ASSEMBLEIA GERAL. Portanto, nem o argumento da provid\u00eancia cautelar que ainda n\u00e3o transitou em julgado, colhe. A ASSEMBLEIA GERAL da FAF, pode e tem compet\u00eancias para se assim decidir, anular as elei\u00e7\u00f5es realizadas, com base em fundamentos legais, que sito apenas, a n\u00e3o obedi\u00eancia da Comiss\u00e3o Eleitoral, a uma decis\u00e3o do MJD, que tem respaldo na lei. Afinal os princ\u00edpios legais do ASSOCIATIVISMO DESPORTIVO se subalternizam a vontade de meia d\u00fazia de pessoas?\u201d.<br \/>\nA finalizar Augusto Silva Alvarito rematou \u201cVamos reflectir. Porque eu sou leigo em mat\u00e9ria de direito \u201c.<br \/>\nEste \u00e9 o cen\u00e1rio que mantem o futebol angolano rodeado de turbul\u00eancias e nuvens carregadas amea\u00e7ando um diluvio.<br \/>\nAguardamos novos cap\u00edtulos.<\/p>\n","protected":false},"excerpt":{"rendered":"<p>Continua a prega\u00e7\u00e3o do futebol angolano na busca de caminhos para tentar chegar a um porto seguro. Entretanto, est\u00e1 dif\u00edcil. Depois do rocambolesco processo eleitoral que em Novembro de 2020 determinou a vit\u00f3ria da lista B, mesmo sem ter ganho nas principais pra\u00e7as do futebol nacional e sem contar com o voto dos principais clubes [&hellip;]<\/p>\n","protected":false},"author":1,"featured_media":4124,"comment_status":"open","ping_status":"open","sticky":false,"template":"","format":"gallery","meta":{"footnotes":""},"categories":[19],"tags":[],"class_list":{"0":"post-4122","1":"post","2":"type-post","3":"status-publish","4":"format-gallery","5":"has-post-thumbnail","7":"category-desporto","8":"post_format-post-format-gallery"},"amp_enabled":true,"_links":{"self":[{"href":"https:\/\/tvbelas.com\/tvbelas\/wp-json\/wp\/v2\/posts\/4122","targetHints":{"allow":["GET"]}}],"collection":[{"href":"https:\/\/tvbelas.com\/tvbelas\/wp-json\/wp\/v2\/posts"}],"about":[{"href":"https:\/\/tvbelas.com\/tvbelas\/wp-json\/wp\/v2\/types\/post"}],"author":[{"embeddable":true,"href":"https:\/\/tvbelas.com\/tvbelas\/wp-json\/wp\/v2\/users\/1"}],"replies":[{"embeddable":true,"href":"https:\/\/tvbelas.com\/tvbelas\/wp-json\/wp\/v2\/comments?post=4122"}],"version-history":[{"count":0,"href":"https:\/\/tvbelas.com\/tvbelas\/wp-json\/wp\/v2\/posts\/4122\/revisions"}],"wp:featuredmedia":[{"embeddable":true,"href":"https:\/\/tvbelas.com\/tvbelas\/wp-json\/"}],"wp:attachment":[{"href":"https:\/\/tvbelas.com\/tvbelas\/wp-json\/wp\/v2\/media?parent=4122"}],"wp:term":[{"taxonomy":"category","embeddable":true,"href":"https:\/\/tvbelas.com\/tvbelas\/wp-json\/wp\/v2\/categories?post=4122"},{"taxonomy":"post_tag","embeddable":true,"href":"https:\/\/tvbelas.com\/tvbelas\/wp-json\/wp\/v2\/tags?post=4122"}],"curies":[{"name":"wp","href":"https:\/\/api.w.org\/{rel}","templated":true}]}}