{"id":4321,"date":"2021-04-02T00:26:18","date_gmt":"2021-04-01T23:26:18","guid":{"rendered":"http:\/\/tvbelas.com\/tvbelas\/?p=4321"},"modified":"2021-04-02T00:26:18","modified_gmt":"2021-04-01T23:26:18","slug":"angola-no-grupo-c-do-can-de-andebol-senior-feminino-camaroes-2021","status":"publish","type":"post","link":"https:\/\/tvbelas.com\/tvbelas\/noticias\/desporto\/angola-no-grupo-c-do-can-de-andebol-senior-feminino-camaroes-2021\/","title":{"rendered":"ANGOLA NO GRUPO C DO CAN DE ANDEBOL S\u00c9NIOR FEMININO CAMAR\u00d5ES 2021."},"content":{"rendered":"<p>A selec\u00e7\u00e3o nacional s\u00e9nior feminina de andebol ficou enquadrada no grupo C do 24\u00ba Campeonato Africano das Na\u00e7\u00f5es (CAN\u00b42021), a disputar-se de 10 a 20 de Junho pr\u00f3ximo em Yaound\u00e9 (Camar\u00f5es).<\/p>\n<p>De acordo com o sorteio, realizado nesta quinta-feira na cidade palco do evento, na ronda inaugural a selec\u00e7\u00e3o anfitri\u00e3 defronta a cong\u00e9nere do Qu\u00e9nia, para o grupo B.<br \/>\nGrupos sorteados<br \/>\nGrupo A \u2013 Tun\u00edsia, Senegal, Guine &#8211; Con\u00e1cri e Madag\u00e1scar<br \/>\nGrupo B \u2013 Camar\u00f5es, Rep\u00fablica Democr\u00e1tica do Congo, Nig\u00e9ria e Qu\u00e9nia<br \/>\nGrupo C \u2013 Angola, Cabo Verde, Arg\u00e9lia e Congo Brazzaville<br \/>\nO sete nacional, orientado pelo seleccionador Filipe Cruz, est\u00e1 concentrado desde a \u00faltima segunda-feira no complexo Dream Space, em Luanda, para a primeira fase de prepara\u00e7\u00e3o que termina s\u00e1bado.<br \/>\nAngola procura o 14\u00ba t\u00edtulo continental.<br \/>\nNesta fase foram convocadas para a pr\u00e9-selec\u00e7\u00e3o nacional \u00e1s seguintes atletas:<br \/>\nTeresa Almeida, Paulina Silva, Eliane Paulo (guarda-redes), Ruth Jo\u00e3o e Liliana Ven\u00e2ncio (Piv\u00f4ts), Vilma Nenganga, Helena Paulo, Mar\u00edlia Quizelete (centrais), Juliana Machado, Nat\u00e1lia Kamalandua (pontas direitas),Vilma Silva, Nat\u00e1lia Bernardo, Dalva Peres (pontas esquerdas) Wuta Dombaxe, Joana Costa, Dolores Ros\u00e1rio (laterais direitas),Vera Kiala, Stelvia Pascoal e Magda Cazanga (laterais esquerdas).<br \/>\nDe salientar que a selec\u00e7\u00e3o angolana de andebol s\u00e9nior feminina, conquistou em 2018 o africano ao derrotar a sua cong\u00e9nere do Senegal por 19 -14, na final da 23\u00aa edi\u00e7\u00e3o do campeonato continental que decorreu no Congo Brazzaville.<br \/>\nAlbertina Cassoma foi a MVP do campeonato, al\u00e9m de fazer do 7 ideal com outras duas angolanas: Isabel Guialo e Azenaide Carlos.<br \/>\nAngola l\u00eddera destacada o quadro de medalhas, com 1 3 t\u00edtulos que correspondem a 13 t\u00edtulos africanos.<br \/>\nQuadro de medalhas<br \/>\nOrdem Medalha de ouro Medalha de prata Medalha de bronze total<br \/>\n1 Angola 13 1 2 16<br \/>\n2 Congo 4 4 5 13<br \/>\n3 Tun\u00edsia 3 6 2 11<br \/>\n4 C. Marfim 2 5 4 11<br \/>\n5 Nig\u00e9ria 1 1 1 3<br \/>\n6 Camar\u00f5es 0 3 3 6<br \/>\n7 Arg\u00e9lia 0 1 3 4<br \/>\n8 R.D.do Cong0 1 1 2<br \/>\n9 Senegal 0 2 0 2<br \/>\n10 Egipto 0 0 1 1<\/p>\n","protected":false},"excerpt":{"rendered":"<p>A selec\u00e7\u00e3o nacional s\u00e9nior feminina de andebol ficou enquadrada no grupo C do 24\u00ba Campeonato Africano das Na\u00e7\u00f5es (CAN\u00b42021), a disputar-se de 10 a 20 de Junho pr\u00f3ximo em Yaound\u00e9 (Camar\u00f5es). De acordo com o sorteio, realizado nesta quinta-feira na cidade palco do evento, na ronda inaugural a selec\u00e7\u00e3o anfitri\u00e3 defronta a cong\u00e9nere do Qu\u00e9nia, [&hellip;]<\/p>\n","protected":false},"author":1,"featured_media":4323,"comment_status":"open","ping_status":"open","sticky":false,"template":"","format":"standard","meta":{"footnotes":""},"categories":[19],"tags":[],"class_list":{"0":"post-4321","1":"post","2":"type-post","3":"status-publish","4":"format-standard","5":"has-post-thumbnail","7":"category-desporto"},"amp_enabled":true,"_links":{"self":[{"href":"https:\/\/tvbelas.com\/tvbelas\/wp-json\/wp\/v2\/posts\/4321","targetHints":{"allow":["GET"]}}],"collection":[{"href":"https:\/\/tvbelas.com\/tvbelas\/wp-json\/wp\/v2\/posts"}],"about":[{"href":"https:\/\/tvbelas.com\/tvbelas\/wp-json\/wp\/v2\/types\/post"}],"author":[{"embeddable":true,"href":"https:\/\/tvbelas.com\/tvbelas\/wp-json\/wp\/v2\/users\/1"}],"replies":[{"embeddable":true,"href":"https:\/\/tvbelas.com\/tvbelas\/wp-json\/wp\/v2\/comments?post=4321"}],"version-history":[{"count":0,"href":"https:\/\/tvbelas.com\/tvbelas\/wp-json\/wp\/v2\/posts\/4321\/revisions"}],"wp:featuredmedia":[{"embeddable":true,"href":"https:\/\/tvbelas.com\/tvbelas\/wp-json\/"}],"wp:attachment":[{"href":"https:\/\/tvbelas.com\/tvbelas\/wp-json\/wp\/v2\/media?parent=4321"}],"wp:term":[{"taxonomy":"category","embeddable":true,"href":"https:\/\/tvbelas.com\/tvbelas\/wp-json\/wp\/v2\/categories?post=4321"},{"taxonomy":"post_tag","embeddable":true,"href":"https:\/\/tvbelas.com\/tvbelas\/wp-json\/wp\/v2\/tags?post=4321"}],"curies":[{"name":"wp","href":"https:\/\/api.w.org\/{rel}","templated":true}]}}