{"id":4351,"date":"2021-04-02T16:51:23","date_gmt":"2021-04-02T15:51:23","guid":{"rendered":"http:\/\/tvbelas.com\/tvbelas\/?p=4351"},"modified":"2021-04-02T16:51:23","modified_gmt":"2021-04-02T15:51:23","slug":"joao-lourenco-almoca-com-os-historicos-da-nacao-no-palacio","status":"publish","type":"post","link":"https:\/\/tvbelas.com\/tvbelas\/noticias\/politica-angola\/joao-lourenco-almoca-com-os-historicos-da-nacao-no-palacio\/","title":{"rendered":"Jo\u00e3o Louren\u00e7o Almo\u00e7a com os Hist\u00f3ricos Da Na\u00e7\u00e3o no Palacio."},"content":{"rendered":"<p>Jo\u00e3o Louren\u00e7o Almo\u00e7a com os Hist\u00f3ricos Da Na\u00e7\u00e3o no Palacio.<\/p>\n<p>O Presidente da Rep\u00fablica, Jo\u00e3o Louren\u00e7o, promoveu esta sexta-feira um almo\u00e7o no Pal\u00e1cio Presidencial com figuras hist\u00f3ricas que ajudaram a fazer o caminho da conquista da Independ\u00eancia Nacional e da Paz.<\/p>\n","protected":false},"excerpt":{"rendered":"<p>Jo\u00e3o Louren\u00e7o Almo\u00e7a com os Hist\u00f3ricos Da Na\u00e7\u00e3o no Palacio. O Presidente da Rep\u00fablica, Jo\u00e3o Louren\u00e7o, promoveu esta sexta-feira um almo\u00e7o no Pal\u00e1cio Presidencial com figuras hist\u00f3ricas que ajudaram a fazer o caminho da conquista da Independ\u00eancia Nacional e da Paz.<\/p>\n","protected":false},"author":1,"featured_media":4353,"comment_status":"open","ping_status":"open","sticky":false,"template":"","format":"gallery","meta":{"footnotes":""},"categories":[12],"tags":[],"class_list":{"0":"post-4351","1":"post","2":"type-post","3":"status-publish","4":"format-gallery","5":"has-post-thumbnail","7":"category-politica-angola","8":"post_format-post-format-gallery"},"amp_enabled":true,"_links":{"self":[{"href":"https:\/\/tvbelas.com\/tvbelas\/wp-json\/wp\/v2\/posts\/4351","targetHints":{"allow":["GET"]}}],"collection":[{"href":"https:\/\/tvbelas.com\/tvbelas\/wp-json\/wp\/v2\/posts"}],"about":[{"href":"https:\/\/tvbelas.com\/tvbelas\/wp-json\/wp\/v2\/types\/post"}],"author":[{"embeddable":true,"href":"https:\/\/tvbelas.com\/tvbelas\/wp-json\/wp\/v2\/users\/1"}],"replies":[{"embeddable":true,"href":"https:\/\/tvbelas.com\/tvbelas\/wp-json\/wp\/v2\/comments?post=4351"}],"version-history":[{"count":0,"href":"https:\/\/tvbelas.com\/tvbelas\/wp-json\/wp\/v2\/posts\/4351\/revisions"}],"wp:featuredmedia":[{"embeddable":true,"href":"https:\/\/tvbelas.com\/tvbelas\/wp-json\/"}],"wp:attachment":[{"href":"https:\/\/tvbelas.com\/tvbelas\/wp-json\/wp\/v2\/media?parent=4351"}],"wp:term":[{"taxonomy":"category","embeddable":true,"href":"https:\/\/tvbelas.com\/tvbelas\/wp-json\/wp\/v2\/categories?post=4351"},{"taxonomy":"post_tag","embeddable":true,"href":"https:\/\/tvbelas.com\/tvbelas\/wp-json\/wp\/v2\/tags?post=4351"}],"curies":[{"name":"wp","href":"https:\/\/api.w.org\/{rel}","templated":true}]}}