{"id":4400,"date":"2021-04-04T19:36:57","date_gmt":"2021-04-04T18:36:57","guid":{"rendered":"http:\/\/tvbelas.com\/tvbelas\/?p=4400"},"modified":"2021-04-04T19:36:57","modified_gmt":"2021-04-04T18:36:57","slug":"depois-da-rna-e-jornal-de-angola-tpa-coloca-um-jornalista-desportivo-a-presidir-a-aida","status":"publish","type":"post","link":"https:\/\/tvbelas.com\/tvbelas\/noticias\/desporto\/depois-da-rna-e-jornal-de-angola-tpa-coloca-um-jornalista-desportivo-a-presidir-a-aida\/","title":{"rendered":"DEPOIS DA RNA E JORNAL DE ANGOLA TPA COLOCA UM JORNALISTA DESPORTIVO A PRESIDIR A AIDA."},"content":{"rendered":"<p>Desde o \u00faltimo s\u00e1bado o jornalista da Televis\u00e3o P\u00fablica de Angola (TPA) Lu\u00eds Caetano \u00e9 o novo presidente da Associa\u00e7\u00e3o de Imprensa Desportiva de Angola (AIDA), \u201cbatendo\u201d na corrida Honorato Silva, do Jornal de Angola.<br \/>\nCom 89 votos a favor, 75 contra e cinco nulos, Lu\u00eds Caetano, que encabe\u00e7ou a lista B, venceu o pleito, substituindo Ant\u00f3nio Ferreira Gon\u00e7alves \u201cAleluia\u201d, que faleceu o ano passado por doen\u00e7a.<br \/>\nLu\u00eds Caetano, quadro da Televis\u00e3o P\u00fablica de Angola, foi durante muitos anos rosto dos principais programas desportivos, tal como Director de informa\u00e7\u00e3o da esta\u00e7\u00e3o. \u00c9 actualmente respons\u00e1vel da TPA na prov\u00edncia de Benguela.<br \/>\nO novo elenco directivo da AIDA \u00e9 ainda constitu\u00eddo por Neto J\u00fanior (presidente da mesa da Assembleia Geral), Vaz Kinguri (vice-presidente), Ant\u00f3nio Correia (vice-presidente para Rela\u00e7\u00f5es Internacionais), Mirian Jai (vice-presidente para a Administra\u00e7\u00e3o e Finan\u00e7as) e Jorge Guerra (vice-presidente para a forma\u00e7\u00e3o), Nilson Cl\u00e1udio (secret\u00e1rio-geral) e Aguilar Virg\u00edlio (suplente).<br \/>\nOutros membros: Gabriel Afonso (vice-presidente), Domingos Kitumba (secret\u00e1rio) e Ant\u00f3nio Malungo (suplente). Fortunato Ramos (presidente do Conselho Fiscal), Paula Pande (secret\u00e1ria) e Paulo Caculo (relator).<br \/>\nAs elei\u00e7\u00f5es na Associa\u00e7\u00e3o de Imprensa Desportiva Angolana (AIDA) criada em 1997 realizaram-se 24 anos depois do primeiro pleito que elegeu Manuel Madureira, da R\u00e1dio Nacional de Angola, como presidente da institui\u00e7\u00e3o, tendo depois sido substitu\u00eddo por Ant\u00f3nio Ferreira (Jornal de Angola).<\/p>\n","protected":false},"excerpt":{"rendered":"<p>Desde o \u00faltimo s\u00e1bado o jornalista da Televis\u00e3o P\u00fablica de Angola (TPA) Lu\u00eds Caetano \u00e9 o novo presidente da Associa\u00e7\u00e3o de Imprensa Desportiva de Angola (AIDA), \u201cbatendo\u201d na corrida Honorato Silva, do Jornal de Angola. Com 89 votos a favor, 75 contra e cinco nulos, Lu\u00eds Caetano, que encabe\u00e7ou a lista B, venceu o pleito, [&hellip;]<\/p>\n","protected":false},"author":1,"featured_media":4402,"comment_status":"open","ping_status":"open","sticky":false,"template":"","format":"standard","meta":{"footnotes":""},"categories":[19],"tags":[],"class_list":{"0":"post-4400","1":"post","2":"type-post","3":"status-publish","4":"format-standard","5":"has-post-thumbnail","7":"category-desporto"},"amp_enabled":true,"_links":{"self":[{"href":"https:\/\/tvbelas.com\/tvbelas\/wp-json\/wp\/v2\/posts\/4400","targetHints":{"allow":["GET"]}}],"collection":[{"href":"https:\/\/tvbelas.com\/tvbelas\/wp-json\/wp\/v2\/posts"}],"about":[{"href":"https:\/\/tvbelas.com\/tvbelas\/wp-json\/wp\/v2\/types\/post"}],"author":[{"embeddable":true,"href":"https:\/\/tvbelas.com\/tvbelas\/wp-json\/wp\/v2\/users\/1"}],"replies":[{"embeddable":true,"href":"https:\/\/tvbelas.com\/tvbelas\/wp-json\/wp\/v2\/comments?post=4400"}],"version-history":[{"count":0,"href":"https:\/\/tvbelas.com\/tvbelas\/wp-json\/wp\/v2\/posts\/4400\/revisions"}],"wp:featuredmedia":[{"embeddable":true,"href":"https:\/\/tvbelas.com\/tvbelas\/wp-json\/"}],"wp:attachment":[{"href":"https:\/\/tvbelas.com\/tvbelas\/wp-json\/wp\/v2\/media?parent=4400"}],"wp:term":[{"taxonomy":"category","embeddable":true,"href":"https:\/\/tvbelas.com\/tvbelas\/wp-json\/wp\/v2\/categories?post=4400"},{"taxonomy":"post_tag","embeddable":true,"href":"https:\/\/tvbelas.com\/tvbelas\/wp-json\/wp\/v2\/tags?post=4400"}],"curies":[{"name":"wp","href":"https:\/\/api.w.org\/{rel}","templated":true}]}}