{"id":4568,"date":"2021-04-12T13:49:50","date_gmt":"2021-04-12T12:49:50","guid":{"rendered":"http:\/\/tvbelas.com\/tvbelas\/?p=4568"},"modified":"2021-04-12T13:49:50","modified_gmt":"2021-04-12T12:49:50","slug":"manuel-rabelais-condenado-a-14-anos-de-prisao","status":"publish","type":"post","link":"https:\/\/tvbelas.com\/tvbelas\/noticias\/politica-angola\/manuel-rabelais-condenado-a-14-anos-de-prisao\/","title":{"rendered":"Manuel Rabelais condenado a 14 anos de pris\u00e3o."},"content":{"rendered":"<p>Manuel Rabelais condenado a 14 anos de pris\u00e3o.<\/p>\n<p>O ex-ministro da Comunica\u00e7\u00e3o Social, Manuel Rabelais, foi condenado nesta segunda-feira, 12 de Abril, a 14 anos e 6 meses de pris\u00e3o pelos crimes de corrup\u00e7\u00e3o e branqueamento de capitais, no caso &#8220;GRECIMA&#8221;.<\/p>\n<p>No mesmo caso, foi tamb\u00e9m condenado o seu \u201cbra\u00e7o direito\u201d, Hil\u00e1rio Santos, a 10 anos e seis meses de pris\u00e3o.<\/p>\n<p>Em actualiza\u00e7\u00e3o&#8230;<\/p>\n","protected":false},"excerpt":{"rendered":"<p>Manuel Rabelais condenado a 14 anos de pris\u00e3o. O ex-ministro da Comunica\u00e7\u00e3o Social, Manuel Rabelais, foi condenado nesta segunda-feira, 12 de Abril, a 14 anos e 6 meses de pris\u00e3o pelos crimes de corrup\u00e7\u00e3o e branqueamento de capitais, no caso &#8220;GRECIMA&#8221;. No mesmo caso, foi tamb\u00e9m condenado o seu \u201cbra\u00e7o direito\u201d, Hil\u00e1rio Santos, a 10 [&hellip;]<\/p>\n","protected":false},"author":1,"featured_media":4570,"comment_status":"open","ping_status":"open","sticky":false,"template":"","format":"gallery","meta":{"footnotes":""},"categories":[12],"tags":[],"class_list":{"0":"post-4568","1":"post","2":"type-post","3":"status-publish","4":"format-gallery","5":"has-post-thumbnail","7":"category-politica-angola","8":"post_format-post-format-gallery"},"amp_enabled":true,"_links":{"self":[{"href":"https:\/\/tvbelas.com\/tvbelas\/wp-json\/wp\/v2\/posts\/4568","targetHints":{"allow":["GET"]}}],"collection":[{"href":"https:\/\/tvbelas.com\/tvbelas\/wp-json\/wp\/v2\/posts"}],"about":[{"href":"https:\/\/tvbelas.com\/tvbelas\/wp-json\/wp\/v2\/types\/post"}],"author":[{"embeddable":true,"href":"https:\/\/tvbelas.com\/tvbelas\/wp-json\/wp\/v2\/users\/1"}],"replies":[{"embeddable":true,"href":"https:\/\/tvbelas.com\/tvbelas\/wp-json\/wp\/v2\/comments?post=4568"}],"version-history":[{"count":0,"href":"https:\/\/tvbelas.com\/tvbelas\/wp-json\/wp\/v2\/posts\/4568\/revisions"}],"wp:featuredmedia":[{"embeddable":true,"href":"https:\/\/tvbelas.com\/tvbelas\/wp-json\/"}],"wp:attachment":[{"href":"https:\/\/tvbelas.com\/tvbelas\/wp-json\/wp\/v2\/media?parent=4568"}],"wp:term":[{"taxonomy":"category","embeddable":true,"href":"https:\/\/tvbelas.com\/tvbelas\/wp-json\/wp\/v2\/categories?post=4568"},{"taxonomy":"post_tag","embeddable":true,"href":"https:\/\/tvbelas.com\/tvbelas\/wp-json\/wp\/v2\/tags?post=4568"}],"curies":[{"name":"wp","href":"https:\/\/api.w.org\/{rel}","templated":true}]}}