{"id":4595,"date":"2021-04-12T20:09:00","date_gmt":"2021-04-12T19:09:00","guid":{"rendered":"http:\/\/tvbelas.com\/tvbelas\/?p=4595"},"modified":"2021-04-12T20:09:00","modified_gmt":"2021-04-12T19:09:00","slug":"petro-de-luanda-no-mercado-a-procura-de-treinador-para-a-proxima-epoca","status":"publish","type":"post","link":"https:\/\/tvbelas.com\/tvbelas\/noticias\/desporto\/petro-de-luanda-no-mercado-a-procura-de-treinador-para-a-proxima-epoca\/","title":{"rendered":"Petro de Luanda no mercado \u00e0 procura de treinador para a pr\u00f3xima \u00e9poca."},"content":{"rendered":"<p>Depois do fracasso na Liga dos Clubes Campe\u00f5es de \u00c1frica onde o objectivo passava, pelo menos, para as meias-finais, segundo o presidente do Petro de Luanda, Tom\u00e1s Faria, aquando do sorteio da prova mais importante de \u00c1frica a n\u00edvel de clubes, eis que a direc\u00e7\u00e3o do Petro de Luanda quer um t\u00e9cnico conhecedor do futebol africano e com curr\u00edculo firmado em equipas do topo do continente ber\u00e7o.<br \/>\nPara isso, v\u00e1rios curr\u00edculos est\u00e3o \u00e0 mesa da direc\u00e7\u00e3o do Petro de Luanda a fim de serem analisados at\u00e9 ao final da presente \u00e9poca, destacando-se nomes de treinadores das nacionalidades Francesa, Belga e S\u00e9rvia. Dentre eles destaca-se o belga e ex-treinador do Simba SC da Tanz\u00e2nia, Svan Vanderbroek, que foi duas vezes campe\u00e3o na Premier League da Tanz\u00e2nia (VPL) pelo Simba SC.<br \/>\nPor outro lado, fonte deste portal garante que Mateus Agostinho \u00abBodunha\u00bb n\u00e3o ser\u00e1 o t\u00e9cnico da equipa tricolor na pr\u00f3xima \u00e9poca, pelo que se aguarda por um treinador que vem do continente europeu.<br \/>\nA direc\u00e7\u00e3o do Petro de Luanda, vendo a actual situa\u00e7\u00e3o do clube no contexto africano, vai tamb\u00e9m libertar alguns jogadores que visavam dar maior sustentabilidade ao plantel, mas at\u00e9 aqui nada trouxeram \u00e0 equipa tricolor. Dentre eles destacam-se o brasileiro Maikon Leite e o angolano Joaquim Ad\u00e3o.<br \/>\nOutro facto que chama aten\u00e7\u00e3o \u00e9 o desejo do avan\u00e7ado Toni Ribeiro de deixar o clube no final da \u00e9poca, pelo que j\u00e1 ter\u00e1 informado \u00e0 direc\u00e7\u00e3o do clube sobre a pretens\u00e3o.<br \/>\nO Petro de Luanda, encerrou em Marrocos a campanha na presente edi\u00e7\u00e3o da liga dos campe\u00f5es de \u00c1frica ao perder por 2-0 na 6\u00aa e \u00faltima jornada do grupo C, frente ao Wydad Atl\u00e9tic Club, tendo terminado no \u00faltimo lugar do grupo com apenas um ponto seis jogos disputados, sem qualquer golo marcado.<\/p>\n","protected":false},"excerpt":{"rendered":"<p>Depois do fracasso na Liga dos Clubes Campe\u00f5es de \u00c1frica onde o objectivo passava, pelo menos, para as meias-finais, segundo o presidente do Petro de Luanda, Tom\u00e1s Faria, aquando do sorteio da prova mais importante de \u00c1frica a n\u00edvel de clubes, eis que a direc\u00e7\u00e3o do Petro de Luanda quer um t\u00e9cnico conhecedor do futebol [&hellip;]<\/p>\n","protected":false},"author":1,"featured_media":4597,"comment_status":"open","ping_status":"open","sticky":false,"template":"","format":"standard","meta":{"footnotes":""},"categories":[19],"tags":[],"class_list":{"0":"post-4595","1":"post","2":"type-post","3":"status-publish","4":"format-standard","5":"has-post-thumbnail","7":"category-desporto"},"amp_enabled":true,"_links":{"self":[{"href":"https:\/\/tvbelas.com\/tvbelas\/wp-json\/wp\/v2\/posts\/4595","targetHints":{"allow":["GET"]}}],"collection":[{"href":"https:\/\/tvbelas.com\/tvbelas\/wp-json\/wp\/v2\/posts"}],"about":[{"href":"https:\/\/tvbelas.com\/tvbelas\/wp-json\/wp\/v2\/types\/post"}],"author":[{"embeddable":true,"href":"https:\/\/tvbelas.com\/tvbelas\/wp-json\/wp\/v2\/users\/1"}],"replies":[{"embeddable":true,"href":"https:\/\/tvbelas.com\/tvbelas\/wp-json\/wp\/v2\/comments?post=4595"}],"version-history":[{"count":0,"href":"https:\/\/tvbelas.com\/tvbelas\/wp-json\/wp\/v2\/posts\/4595\/revisions"}],"wp:featuredmedia":[{"embeddable":true,"href":"https:\/\/tvbelas.com\/tvbelas\/wp-json\/"}],"wp:attachment":[{"href":"https:\/\/tvbelas.com\/tvbelas\/wp-json\/wp\/v2\/media?parent=4595"}],"wp:term":[{"taxonomy":"category","embeddable":true,"href":"https:\/\/tvbelas.com\/tvbelas\/wp-json\/wp\/v2\/categories?post=4595"},{"taxonomy":"post_tag","embeddable":true,"href":"https:\/\/tvbelas.com\/tvbelas\/wp-json\/wp\/v2\/tags?post=4595"}],"curies":[{"name":"wp","href":"https:\/\/api.w.org\/{rel}","templated":true}]}}