{"id":4599,"date":"2021-04-12T21:12:48","date_gmt":"2021-04-12T20:12:48","guid":{"rendered":"http:\/\/tvbelas.com\/tvbelas\/?p=4599"},"modified":"2021-04-12T21:12:48","modified_gmt":"2021-04-12T20:12:48","slug":"crispiniano-dos-santos-dialoga-com-as-forcas-vivas-na-provincia-do-moxico","status":"publish","type":"post","link":"https:\/\/tvbelas.com\/tvbelas\/noticias\/politica-angola\/crispiniano-dos-santos-dialoga-com-as-forcas-vivas-na-provincia-do-moxico\/","title":{"rendered":"CRISPINIANO DOS SANTOS DIALOGA, COM AS FOR\u00c7AS VIVAS NA PROV\u00cdNCIA DO MOXICO."},"content":{"rendered":"<p>CRISPINIANO DOS SANTOS MANT\u00c9VE, ENCONTRO COM A JUVENTUDE, SOCIEDADE CIVIL, L\u00cdDERES DAS ORGANIZA\u00c7\u00d5ES JUVENIS, RELIGIOSAS E EMPRES\u00c1RIOS, ONDE FORAM ABORDADOS V\u00c1RIOS ASPECTOS LIGADOS A PROV\u00cdNCIA.<\/p>\n<p>O ENCONTRO DECORREU COM TODA A TRANQUILIDADE, EST\u00c1 REFLECTIR, COM REALIDADE, OS ANSEIOS DOS PARTICIPANTES, COM REALCE PARA A PROBLEM\u00c1TICA DAS ESTRADAS, EXPLORA\u00c7\u00c3O DESENFREADA DE MADEIRAS, HOSPITAIS, EDUCA\u00c7\u00c3O E ENSINO, MICRO CR\u00c9DITO, EMPREGO, FORMA\u00c7\u00c3O T\u00c9CNICA E PROFISSIONAL, ESPA\u00c7OS DE OCUPA\u00c7\u00c3O DE TEMPOS LIVRES, ENTRE OUTROS.<\/p>\n","protected":false},"excerpt":{"rendered":"<p>CRISPINIANO DOS SANTOS MANT\u00c9VE, ENCONTRO COM A JUVENTUDE, SOCIEDADE CIVIL, L\u00cdDERES DAS ORGANIZA\u00c7\u00d5ES JUVENIS, RELIGIOSAS E EMPRES\u00c1RIOS, ONDE FORAM ABORDADOS V\u00c1RIOS ASPECTOS LIGADOS A PROV\u00cdNCIA. O ENCONTRO DECORREU COM TODA A TRANQUILIDADE, EST\u00c1 REFLECTIR, COM REALIDADE, OS ANSEIOS DOS PARTICIPANTES, COM REALCE PARA A PROBLEM\u00c1TICA DAS ESTRADAS, EXPLORA\u00c7\u00c3O DESENFREADA DE MADEIRAS, HOSPITAIS, EDUCA\u00c7\u00c3O E ENSINO, [&hellip;]<\/p>\n","protected":false},"author":1,"featured_media":4603,"comment_status":"open","ping_status":"open","sticky":false,"template":"","format":"gallery","meta":{"footnotes":""},"categories":[12],"tags":[],"class_list":{"0":"post-4599","1":"post","2":"type-post","3":"status-publish","4":"format-gallery","5":"has-post-thumbnail","7":"category-politica-angola","8":"post_format-post-format-gallery"},"amp_enabled":true,"_links":{"self":[{"href":"https:\/\/tvbelas.com\/tvbelas\/wp-json\/wp\/v2\/posts\/4599","targetHints":{"allow":["GET"]}}],"collection":[{"href":"https:\/\/tvbelas.com\/tvbelas\/wp-json\/wp\/v2\/posts"}],"about":[{"href":"https:\/\/tvbelas.com\/tvbelas\/wp-json\/wp\/v2\/types\/post"}],"author":[{"embeddable":true,"href":"https:\/\/tvbelas.com\/tvbelas\/wp-json\/wp\/v2\/users\/1"}],"replies":[{"embeddable":true,"href":"https:\/\/tvbelas.com\/tvbelas\/wp-json\/wp\/v2\/comments?post=4599"}],"version-history":[{"count":0,"href":"https:\/\/tvbelas.com\/tvbelas\/wp-json\/wp\/v2\/posts\/4599\/revisions"}],"wp:featuredmedia":[{"embeddable":true,"href":"https:\/\/tvbelas.com\/tvbelas\/wp-json\/"}],"wp:attachment":[{"href":"https:\/\/tvbelas.com\/tvbelas\/wp-json\/wp\/v2\/media?parent=4599"}],"wp:term":[{"taxonomy":"category","embeddable":true,"href":"https:\/\/tvbelas.com\/tvbelas\/wp-json\/wp\/v2\/categories?post=4599"},{"taxonomy":"post_tag","embeddable":true,"href":"https:\/\/tvbelas.com\/tvbelas\/wp-json\/wp\/v2\/tags?post=4599"}],"curies":[{"name":"wp","href":"https:\/\/api.w.org\/{rel}","templated":true}]}}