{"id":4611,"date":"2021-04-13T00:26:21","date_gmt":"2021-04-12T23:26:21","guid":{"rendered":"http:\/\/tvbelas.com\/tvbelas\/?p=4611"},"modified":"2021-04-13T00:26:21","modified_gmt":"2021-04-12T23:26:21","slug":"os-muculmanos-de-todo-o-mundo-dao-inicio-ao-mes-ramadao-que-vai-durar-ate-ao-dia-12-de-maio","status":"publish","type":"post","link":"https:\/\/tvbelas.com\/tvbelas\/noticias\/sociedade\/os-muculmanos-de-todo-o-mundo-dao-inicio-ao-mes-ramadao-que-vai-durar-ate-ao-dia-12-de-maio\/","title":{"rendered":"Os mu\u00e7ulmanos de todo o mundo d\u00e3o in\u00edcio, ao m\u00eas Ramad\u00e3o, que vai durar at\u00e9 ao dia 12 de maio."},"content":{"rendered":"<p>Come\u00e7a o Ramad\u00e3o. Por todo o mundo, Mu\u00e7ulmanos vivem as festividades sob as restri\u00e7\u00f5es impostas para combater a Covid-19.<\/p>\n<p>Os mu\u00e7ulmanos de todo o mundo d\u00e3o in\u00edcio, ao m\u00eas Ramad\u00e3o, que vai durar at\u00e9 ao dia 12 de maio.<\/p>\n<p>O Ramad\u00e3o \u00e9 o nono m\u00eas do calend\u00e1rio isl\u00e2mico. A data de celebra\u00e7\u00e3o varia todos os anos, mas tem sempre a dura\u00e7\u00e3o de 29 ou 30 dias. Este ano, come\u00e7a esta Ter\u00e7a-feira, 13 de abril, e dura at\u00e9 12 de maio. Neste per\u00edodo, os mu\u00e7ulmanos\u00a0abst\u00eam-se de comer, fumar ou ter rela\u00e7\u00f5es sexuais desde o nascer do sol at\u00e9 ao p\u00f4r-do-sol.<\/p>\n<p>Pelo segundo ano consecutivo, as festividades ter\u00e3o de ser contidas por causa das restri\u00e7\u00f5es impostas pelos v\u00e1rios pa\u00edses para combater a propaga\u00e7\u00e3o da pandemia da Covid-19. O objetivo \u00e9 evitar os erros de 2020.<\/p>\n<p>Nestes 30 dias, s\u00e3o servidas duas refei\u00e7\u00f5es:\u00a0\u201cSuhur\u201d, consumida antes do amanhecer, e\u00a0\u201ciftar\u201d, a que quebra o jejum no final do dia.\u00a0Habitualmente, estas refei\u00e7\u00f5es s\u00e3o feitas na companhia de fam\u00edlia e amigos.<\/p>\n<p>Ao contr\u00e1rio do que aconteceu em 2020, este ano as mesquitas estar\u00e3o abertas para as ora\u00e7\u00f5es, mas a entrada de fi\u00e9is \u00e9 controlada. \u00c9, tamb\u00e9m, obrigat\u00f3rio o respeito pelas medidas de higiene e o distanciamento f\u00edsico.<\/p>\n<p>Por: Reda\u00e7\u00e3o Tv Belas<\/p>\n","protected":false},"excerpt":{"rendered":"<p>Come\u00e7a o Ramad\u00e3o. Por todo o mundo, Mu\u00e7ulmanos vivem as festividades sob as restri\u00e7\u00f5es impostas para combater a Covid-19. Os mu\u00e7ulmanos de todo o mundo d\u00e3o in\u00edcio, ao m\u00eas Ramad\u00e3o, que vai durar at\u00e9 ao dia 12 de maio. O Ramad\u00e3o \u00e9 o nono m\u00eas do calend\u00e1rio isl\u00e2mico. A data de celebra\u00e7\u00e3o varia todos os [&hellip;]<\/p>\n","protected":false},"author":1,"featured_media":4613,"comment_status":"open","ping_status":"open","sticky":false,"template":"","format":"gallery","meta":{"footnotes":""},"categories":[15],"tags":[],"class_list":{"0":"post-4611","1":"post","2":"type-post","3":"status-publish","4":"format-gallery","5":"has-post-thumbnail","7":"category-sociedade","8":"post_format-post-format-gallery"},"amp_enabled":true,"_links":{"self":[{"href":"https:\/\/tvbelas.com\/tvbelas\/wp-json\/wp\/v2\/posts\/4611","targetHints":{"allow":["GET"]}}],"collection":[{"href":"https:\/\/tvbelas.com\/tvbelas\/wp-json\/wp\/v2\/posts"}],"about":[{"href":"https:\/\/tvbelas.com\/tvbelas\/wp-json\/wp\/v2\/types\/post"}],"author":[{"embeddable":true,"href":"https:\/\/tvbelas.com\/tvbelas\/wp-json\/wp\/v2\/users\/1"}],"replies":[{"embeddable":true,"href":"https:\/\/tvbelas.com\/tvbelas\/wp-json\/wp\/v2\/comments?post=4611"}],"version-history":[{"count":0,"href":"https:\/\/tvbelas.com\/tvbelas\/wp-json\/wp\/v2\/posts\/4611\/revisions"}],"wp:featuredmedia":[{"embeddable":true,"href":"https:\/\/tvbelas.com\/tvbelas\/wp-json\/"}],"wp:attachment":[{"href":"https:\/\/tvbelas.com\/tvbelas\/wp-json\/wp\/v2\/media?parent=4611"}],"wp:term":[{"taxonomy":"category","embeddable":true,"href":"https:\/\/tvbelas.com\/tvbelas\/wp-json\/wp\/v2\/categories?post=4611"},{"taxonomy":"post_tag","embeddable":true,"href":"https:\/\/tvbelas.com\/tvbelas\/wp-json\/wp\/v2\/tags?post=4611"}],"curies":[{"name":"wp","href":"https:\/\/api.w.org\/{rel}","templated":true}]}}