{"id":4757,"date":"2021-04-18T04:57:27","date_gmt":"2021-04-18T03:57:27","guid":{"rendered":"http:\/\/tvbelas.com\/tvbelas\/?p=4757"},"modified":"2021-04-18T04:57:27","modified_gmt":"2021-04-18T03:57:27","slug":"rainha-isabel-ii-usou-peca-com-significado-especial-no-funeral-de-filipe","status":"publish","type":"post","link":"https:\/\/tvbelas.com\/tvbelas\/noticias\/internacional\/rainha-isabel-ii-usou-peca-com-significado-especial-no-funeral-de-filipe\/","title":{"rendered":"Rainha Isabel II usou pe\u00e7a com significado especial no funeral de Filipe."},"content":{"rendered":"<div align=\"left\">\n<p dir=\"ltr\">Arainha Isabel II prestou uma doce homenagem \u00e0 sua fam\u00edlia no funeral do marido, o pr\u00edncipe Filipe, que decorreu este s\u00e1bado, 17 de abril. Como destaca a Hello, a monarca usou um broche de diamante com uma hist\u00f3ria especial.<br \/>\nA pe\u00e7a \u00e9 da cole\u00e7\u00e3o da av\u00f3 e \u00e9, com certeza, um s\u00edmbolo nost\u00e1lgico para Isabel II, j\u00e1 que usava com regularidade no in\u00edcio do seu reinado para compromissos formais com o marido.<\/p>\n<p dir=\"ltr\">Conhecida por enviar mensagens especiais com as suas roupas, Sua Majestade sem d\u00favida que queria usar algo que a fizesse lembrar do duque de Edimburgo e o seu casamento longo e feliz.<\/p>\n<p dir=\"ltr\">Ao look preto, a rainha adicionou um colar de p\u00e9rolas de tr\u00eas fios e brincos. Veja algumas imagens de Isabel II na galeria.<\/p>\n<\/div>\n","protected":false},"excerpt":{"rendered":"<p>Arainha Isabel II prestou uma doce homenagem \u00e0 sua fam\u00edlia no funeral do marido, o pr\u00edncipe Filipe, que decorreu este s\u00e1bado, 17 de abril. Como destaca a Hello, a monarca usou um broche de diamante com uma hist\u00f3ria especial. A pe\u00e7a \u00e9 da cole\u00e7\u00e3o da av\u00f3 e \u00e9, com certeza, um s\u00edmbolo nost\u00e1lgico para Isabel [&hellip;]<\/p>\n","protected":false},"author":1,"featured_media":4759,"comment_status":"open","ping_status":"open","sticky":false,"template":"","format":"standard","meta":{"footnotes":""},"categories":[22],"tags":[],"class_list":{"0":"post-4757","1":"post","2":"type-post","3":"status-publish","4":"format-standard","5":"has-post-thumbnail","7":"category-internacional"},"amp_enabled":true,"_links":{"self":[{"href":"https:\/\/tvbelas.com\/tvbelas\/wp-json\/wp\/v2\/posts\/4757","targetHints":{"allow":["GET"]}}],"collection":[{"href":"https:\/\/tvbelas.com\/tvbelas\/wp-json\/wp\/v2\/posts"}],"about":[{"href":"https:\/\/tvbelas.com\/tvbelas\/wp-json\/wp\/v2\/types\/post"}],"author":[{"embeddable":true,"href":"https:\/\/tvbelas.com\/tvbelas\/wp-json\/wp\/v2\/users\/1"}],"replies":[{"embeddable":true,"href":"https:\/\/tvbelas.com\/tvbelas\/wp-json\/wp\/v2\/comments?post=4757"}],"version-history":[{"count":0,"href":"https:\/\/tvbelas.com\/tvbelas\/wp-json\/wp\/v2\/posts\/4757\/revisions"}],"wp:featuredmedia":[{"embeddable":true,"href":"https:\/\/tvbelas.com\/tvbelas\/wp-json\/"}],"wp:attachment":[{"href":"https:\/\/tvbelas.com\/tvbelas\/wp-json\/wp\/v2\/media?parent=4757"}],"wp:term":[{"taxonomy":"category","embeddable":true,"href":"https:\/\/tvbelas.com\/tvbelas\/wp-json\/wp\/v2\/categories?post=4757"},{"taxonomy":"post_tag","embeddable":true,"href":"https:\/\/tvbelas.com\/tvbelas\/wp-json\/wp\/v2\/tags?post=4757"}],"curies":[{"name":"wp","href":"https:\/\/api.w.org\/{rel}","templated":true}]}}