{"id":4779,"date":"2021-04-18T21:30:43","date_gmt":"2021-04-18T20:30:43","guid":{"rendered":"http:\/\/tvbelas.com\/tvbelas\/?p=4779"},"modified":"2021-04-18T21:30:43","modified_gmt":"2021-04-18T20:30:43","slug":"moto-gp-quartararo-aproveita-queda-de-rins-escapa-e-vence-em-portugal-marc-marquez-e-7o","status":"publish","type":"post","link":"https:\/\/tvbelas.com\/tvbelas\/noticias\/desporto\/moto-gp-quartararo-aproveita-queda-de-rins-escapa-e-vence-em-portugal-marc-marquez-e-7o\/","title":{"rendered":"MOTO GP: Quartararo aproveita queda de Rins, escapa e vence em Portugal. Marc M\u00e1rquez \u00e9 7\u00ba"},"content":{"rendered":"<p>Fabio Quartararo n\u00e3o largou bem, mas se recuperou e aproveitou-se da queda de \u00c1lex Rins para garantir uma bela vit\u00f3ria no GP de Portugal. Francesco Bagnaia e Joan Mir completaram o p\u00f3dio em Portim\u00e3o. Marc M\u00e1rquez, voltando de les\u00e3o, foi discreto e fechou na 7\u00aa posi\u00e7\u00e3o<br \/>\nFabio Quartararo provou no GP de Portugal que a Yamaha \u00e9 mesmo a moto a ser batida na MotoGP. Depois de largar na pole e perder posi\u00e7\u00f5es ainda nos primeiros metros, o franc\u00eas de Nice se recuperou, contou com a queda de rivais e venceu em Portim\u00e3o com autoridade.<br \/>\nA disputa de Quartararo foi, durante boa parte da corrida em Portugal, com \u00c1lex Rins. O espanhol da Suzuki, no entanto, caiu j\u00e1 na parte final da corrida e perdeu a chance de ir ao p\u00f3dio pela primeira vez em 2021. Johann Zarco, ent\u00e3o l\u00edder do campeonato, foi outro que viu o ch\u00e3o bem de perto em Portim\u00e3o.<br \/>\nFrancesco Bagnaia se recuperou depois da puni\u00e7\u00e3o sofrida na classifica\u00e7\u00e3o e saiu de 11\u00ba para terminar na segunda posi\u00e7\u00e3o. Joan Mir, atual campe\u00e3o da categoria, fechou o p\u00f3dio. Franco Morbidelli, Brad Binder, Aleix Espargar\u00f3, Marc e \u00c1lex M\u00e1rquez, Enea Bastianini e Takaaki Nakagami completaram o top-10.<br \/>\nCom o resultado do GP de Portugal, Quartararo assumiu a lideran\u00e7a na MotoGP com 61 pontos, 15 a mais que Bagnaia, o novo segundo colocado. Vi\u00f1ales caiu para terceiro, \u00e0 frente de Zarco, Mir, Aleix Espargar\u00f3, Rins, Binder, Bastianini e Jorge Mart\u00edn.<br \/>\nCom duas vit\u00f3rias de Quartararo e uma de Vi\u00f1ales, a Yamaha sai de Portim\u00e3o na lideran\u00e7a do Mundial de Construtores da MotoGP, com 15 pontos de vantagem para a Ducati. No Mundial de Equipes, a f\u00e1brica dos tr\u00eas diapas\u00f5es lidera com 41 tentos de frente para a Suzuki.<br \/>\nVindo de um p\u00f3dio no GP de Doha, Jorge Mart\u00edn desfalcou a MotoGP neste domingo. O espanhol sofreu uma forte queda no s\u00e1bado, fraturou um metacarpo da m\u00e3o direita e o mal\u00e9olo medial no tornozelo direito e ter\u00e1 de passar por cirurgia nos pr\u00f3ximos dias em Barcelona, na Espanha.<br \/>\nA MotoGP volta \u00e0s pistas em 2 de maio, para o GP da Espanha, em Jerez de la Frontera<\/p>\n","protected":false},"excerpt":{"rendered":"<p>Fabio Quartararo n\u00e3o largou bem, mas se recuperou e aproveitou-se da queda de \u00c1lex Rins para garantir uma bela vit\u00f3ria no GP de Portugal. Francesco Bagnaia e Joan Mir completaram o p\u00f3dio em Portim\u00e3o. Marc M\u00e1rquez, voltando de les\u00e3o, foi discreto e fechou na 7\u00aa posi\u00e7\u00e3o Fabio Quartararo provou no GP de Portugal que a [&hellip;]<\/p>\n","protected":false},"author":1,"featured_media":4781,"comment_status":"open","ping_status":"open","sticky":false,"template":"","format":"standard","meta":{"footnotes":""},"categories":[19],"tags":[],"class_list":{"0":"post-4779","1":"post","2":"type-post","3":"status-publish","4":"format-standard","5":"has-post-thumbnail","7":"category-desporto"},"amp_enabled":true,"_links":{"self":[{"href":"https:\/\/tvbelas.com\/tvbelas\/wp-json\/wp\/v2\/posts\/4779","targetHints":{"allow":["GET"]}}],"collection":[{"href":"https:\/\/tvbelas.com\/tvbelas\/wp-json\/wp\/v2\/posts"}],"about":[{"href":"https:\/\/tvbelas.com\/tvbelas\/wp-json\/wp\/v2\/types\/post"}],"author":[{"embeddable":true,"href":"https:\/\/tvbelas.com\/tvbelas\/wp-json\/wp\/v2\/users\/1"}],"replies":[{"embeddable":true,"href":"https:\/\/tvbelas.com\/tvbelas\/wp-json\/wp\/v2\/comments?post=4779"}],"version-history":[{"count":0,"href":"https:\/\/tvbelas.com\/tvbelas\/wp-json\/wp\/v2\/posts\/4779\/revisions"}],"wp:featuredmedia":[{"embeddable":true,"href":"https:\/\/tvbelas.com\/tvbelas\/wp-json\/"}],"wp:attachment":[{"href":"https:\/\/tvbelas.com\/tvbelas\/wp-json\/wp\/v2\/media?parent=4779"}],"wp:term":[{"taxonomy":"category","embeddable":true,"href":"https:\/\/tvbelas.com\/tvbelas\/wp-json\/wp\/v2\/categories?post=4779"},{"taxonomy":"post_tag","embeddable":true,"href":"https:\/\/tvbelas.com\/tvbelas\/wp-json\/wp\/v2\/tags?post=4779"}],"curies":[{"name":"wp","href":"https:\/\/api.w.org\/{rel}","templated":true}]}}