{"id":4791,"date":"2021-04-19T18:54:14","date_gmt":"2021-04-19T17:54:14","guid":{"rendered":"http:\/\/tvbelas.com\/tvbelas\/?p=4791"},"modified":"2021-04-19T18:54:14","modified_gmt":"2021-04-19T17:54:14","slug":"a-uefa-anunciou-novo-modelo-da-liga-dos-campeoes-com-36-equipas-e-sem-fase-de-grupos-a-partir-de-2024","status":"publish","type":"post","link":"https:\/\/tvbelas.com\/tvbelas\/noticias\/desporto\/a-uefa-anunciou-novo-modelo-da-liga-dos-campeoes-com-36-equipas-e-sem-fase-de-grupos-a-partir-de-2024\/","title":{"rendered":"A UEFA ANUNCIOU NOVO MODELO DA LIGA DOS CAMPE\u00d5ES COM 36 EQUIPAS E SEM FASE DE GRUPOS A PARTIR DE 2024"},"content":{"rendered":"<p>A UEFA anunciou, esta segunda-feira, altera\u00e7\u00f5es nas competi\u00e7\u00f5es europeias a partir de 2024, com a Liga dos Campe\u00f5es a passar de 32 para 36 equipas, num modelo sem fase de grupos, passando para uma liga \u00fanica.<\/p>\n<p>Giorgio Marchetti, secret\u00e1rio-geral adjunto do organismo que tutela o futebol europeu, explicou que em vez da fase de grupos da Champions se passa para uma liga \u00fanica de 36 equipas, em que cada uma joga contra 10 advers\u00e1rios, cinco jogos em casa e cinco jogos fora.<br \/>\nOs oito melhores classificados v\u00e3o ser apurados diretamente para os &#8220;melhores 16&#8221;, explicou Marchetti, enquanto os classificados entre o 9.\u00ba e o 24.\u00ba lugar v\u00e3o disputar um &#8216;play-off&#8217; para apurar outras oito equipas.<br \/>\nDo 25.\u00ba para a frente, as equipas v\u00e3o ser eliminadas e nenhuma vai passar para a Liga Europa.<br \/>\nA UEFA est\u00e1 ainda a analisar a hip\u00f3tese de as meias-finais da Liga dos Campe\u00f5es serem disputadas no formato habitual, com dois jogos, ou num esquema de &#8216;final-four&#8217;.<br \/>\nEm rela\u00e7\u00e3o \u00e0s equipas que cada apurado vai defrontar nesta liga \u00fanica, Giorgio Marchetti explicou que vai utilizado um esquema de quatro potes de acordo com os &#8216;rankings&#8217; das equipas, de modo a que cada equipa enfrente um n\u00famero equilibrado de advers\u00e1rios dos diferentes potes.<br \/>\nEm rela\u00e7\u00e3o \u00e0s quatro vagas extra na nova Champions, uma ser\u00e1 para um clube do pa\u00eds em quinto lugar no ranking da UEFA, e outra para um campe\u00e3o nacional, ampliando o n\u00famero de clubes apurados atrav\u00e9s do denominado &#8220;Caminho dos Campe\u00f5es&#8221;.<br \/>\nOs outros dois lugares ser\u00e3o para os clubes com o coeficiente mais alto dos \u00faltimos cinco anos que n\u00e3o se qualificaram para a Liga dos Campe\u00f5es de forma direta, mas que se apuraram para a fase de qualifica\u00e7\u00e3o da Champions, para a Liga Europa ou para a Liga Confer\u00eancia Europa.<br \/>\n&#8220;Estamos sempre a tentar modernizar as competi\u00e7\u00f5es, mas os princ\u00edpios n\u00e3o podem mudar. Para alguns a palavra solidariedade n\u00e3o existe, a \u00fanica coisa que existe \u00e9 o seu lucro&#8221;, disse o presidente da UEFA, Alexander Ceferin, criticando a cria\u00e7\u00e3o de uma Superliga..<br \/>\nFoi ainda anunciado que v\u00e3o existir duas semanas dedicadas em exclusivo \u00e0 Liga dos Campe\u00f5es, com jogos \u00e0 ter\u00e7a, quarta e quinta-feira.<br \/>\nApesar de o novo calend\u00e1rio ainda estar a ser trabalho, \u00e9 certo que n\u00e3o v\u00e3o existir jogos ao fim de semana e que o acesso \u00e0s competi\u00e7\u00f5es europeias vai continuar a seguir o mesmo modelo.<br \/>\nTamb\u00e9m a Liga Europa e Liga Confer\u00eancia Europa, nova competi\u00e7\u00e3o que vai come\u00e7ar na pr\u00f3xima \u00e9poca, v\u00e3o ter o mesmo modelo de liga \u00fanica, mas a primeira com oito jogos e a segunda com seis.<br \/>\nA UEFA est\u00e1 tamb\u00e9m a ponderar a hip\u00f3tese de estas duas competi\u00e7\u00f5es serem tamb\u00e9m disputadas por 36 equipas, mas esse ainda n\u00e3o \u00e9 um dado certo.<br \/>\nA cria\u00e7\u00e3o de uma Superliga europeia de futebol foi no domingo anunciada, em comunicado, por 12 dos principais clubes de Espanha, Inglaterra e It\u00e1lia, que pretendem desenvolver uma competi\u00e7\u00e3o de elite, concorrente da Liga dos Campe\u00f5es, em oposi\u00e7\u00e3o \u00e0 UEFA.<br \/>\nAC Milan, Arsenal, Atl\u00e9tico de Madrid, Chelsea, FC Barcelona, Inter de Mil\u00e3o, Juventus, Liverpool, Manchester City, Manchester United, Real Madrid e Tottenham, &#8220;uniram-se na qualidade de clubes fundadores&#8221; da Superliga, indica o comunicado.<br \/>\nOs promotores da Superliga adiantam que a prova ser\u00e1 disputada por 20 clubes, pois, aos 15 fundadores &#8211; apesar de terem sido anunciados apenas 12 -, juntar-se-\u00e3o mais cinco clubes, qualificados anualmente, com base no desempenho da \u00e9poca anterior.<br \/>\nCeferin garantiu que a Liga dos Campe\u00f5es se vai sempre realizar, &#8220;com ou sem os 12 clubes&#8221;.<\/p>\n","protected":false},"excerpt":{"rendered":"<p>A UEFA anunciou, esta segunda-feira, altera\u00e7\u00f5es nas competi\u00e7\u00f5es europeias a partir de 2024, com a Liga dos Campe\u00f5es a passar de 32 para 36 equipas, num modelo sem fase de grupos, passando para uma liga \u00fanica. Giorgio Marchetti, secret\u00e1rio-geral adjunto do organismo que tutela o futebol europeu, explicou que em vez da fase de grupos [&hellip;]<\/p>\n","protected":false},"author":1,"featured_media":4793,"comment_status":"open","ping_status":"open","sticky":false,"template":"","format":"standard","meta":{"footnotes":""},"categories":[19],"tags":[],"class_list":{"0":"post-4791","1":"post","2":"type-post","3":"status-publish","4":"format-standard","5":"has-post-thumbnail","7":"category-desporto"},"amp_enabled":true,"_links":{"self":[{"href":"https:\/\/tvbelas.com\/tvbelas\/wp-json\/wp\/v2\/posts\/4791","targetHints":{"allow":["GET"]}}],"collection":[{"href":"https:\/\/tvbelas.com\/tvbelas\/wp-json\/wp\/v2\/posts"}],"about":[{"href":"https:\/\/tvbelas.com\/tvbelas\/wp-json\/wp\/v2\/types\/post"}],"author":[{"embeddable":true,"href":"https:\/\/tvbelas.com\/tvbelas\/wp-json\/wp\/v2\/users\/1"}],"replies":[{"embeddable":true,"href":"https:\/\/tvbelas.com\/tvbelas\/wp-json\/wp\/v2\/comments?post=4791"}],"version-history":[{"count":0,"href":"https:\/\/tvbelas.com\/tvbelas\/wp-json\/wp\/v2\/posts\/4791\/revisions"}],"wp:featuredmedia":[{"embeddable":true,"href":"https:\/\/tvbelas.com\/tvbelas\/wp-json\/"}],"wp:attachment":[{"href":"https:\/\/tvbelas.com\/tvbelas\/wp-json\/wp\/v2\/media?parent=4791"}],"wp:term":[{"taxonomy":"category","embeddable":true,"href":"https:\/\/tvbelas.com\/tvbelas\/wp-json\/wp\/v2\/categories?post=4791"},{"taxonomy":"post_tag","embeddable":true,"href":"https:\/\/tvbelas.com\/tvbelas\/wp-json\/wp\/v2\/tags?post=4791"}],"curies":[{"name":"wp","href":"https:\/\/api.w.org\/{rel}","templated":true}]}}