{"id":4799,"date":"2021-04-19T20:33:55","date_gmt":"2021-04-19T19:33:55","guid":{"rendered":"http:\/\/tvbelas.com\/tvbelas\/?p=4799"},"modified":"2021-04-19T20:33:55","modified_gmt":"2021-04-19T19:33:55","slug":"governo-de-angola-encerra-suspende-canais-vida-tv-record-tv-zap-viva-e-diversas-radios-e-sites-de-noticias","status":"publish","type":"post","link":"https:\/\/tvbelas.com\/tvbelas\/noticias\/governo-de-angola-encerra-suspende-canais-vida-tv-record-tv-zap-viva-e-diversas-radios-e-sites-de-noticias\/","title":{"rendered":"SUSPENSO O SERVI\u00c7O DE TELEVIS\u00c3O DA TV RECORD, ZAP VIVA E VIDA TV."},"content":{"rendered":"<div dir=\"auto\"><\/div>\n<div dir=\"auto\">A medida tomada pelo MINTTICS tem efeitos a partir das 0 horas do dia 21 de Abril.<\/div>\n<div dir=\"auto\">As TV\u2019s voltar\u00e3o a emitir ap\u00f3s regularizarem a sua situa\u00e7\u00e3o junto da Direc\u00e7\u00e3o Nacional de Informa\u00e7\u00e3o e Comunica\u00e7\u00e3o Institucional.<\/div>\n<div dir=\"auto\">A seguir, na \u00edntegra, o comunicado do MINTTICS:<\/div>\n<div dir=\"auto\">O Minist\u00e9rio das Telecomunica\u00e7\u00f5es, Tecnologias de Informa\u00e7\u00e3o e Comunica\u00e7\u00e3o Social (MINTTICS), enquanto Departamento Ministerial respons\u00e1vel pela elabora\u00e7\u00e3o e execu\u00e7\u00e3o da pol\u00edtica do sector, informa que desde 1991 que atribui registos provis\u00f3rios para efeitos de licenciamento para o exerc\u00edcio da actividade de Comunica\u00e7\u00e3o Social. Sendo o registo provis\u00f3rio um t\u00edtulo habilitante prec\u00e1rio, o MINTTICS no exerc\u00edcio das suas compet\u00eancias, est\u00e1 a conduzir um processo interno de organiza\u00e7\u00e3o e regulariza\u00e7\u00e3o das empresas de Comunica\u00e7\u00e3o Social, nos termos do artigo 71.\u00ba da Lei n.\u00ba 1\/17, de 23 de Janeiro \u2013 Lei de Imprensa, bem como atrav\u00e9s do Instituto Nacional das Comunica\u00e7\u00f5es-INACOM est\u00e1 a efectuar avalia\u00e7\u00e3o dos prazos de renova\u00e7\u00e3o dos direitos de utiliza\u00e7\u00e3o individual das frequ\u00eancias, nos termos do artigos 81.\u00ba e 86.\u00ba ambos do Decreto Presidencial n.\u00ba 108\/16, de 25 de Maio, que aprova o Regulamento Geral das Comunica\u00e7\u00f5es Electr\u00f3nicas.<\/div>\n<div dir=\"auto\">Neste \u00e2mbito, o MINTTICS constatou o seguinte:<\/div>\n<div dir=\"auto\">a) Dos 243 jornais registados, apenas 34 encontram-se em exerc\u00edcio da actividade;<\/div>\n<div dir=\"auto\">b) Das 459 revistas registadas, apenas 17 encontram-se em exerc\u00edcio da actividade;<\/div>\n<div dir=\"auto\">c) Est\u00e3o registados 10 portais de not\u00edcias e em actividade;<\/div>\n<div dir=\"auto\">d) Est\u00e3o registadas 144 esta\u00e7\u00f5es de r\u00e1dio, apenas<\/div>\n<div dir=\"auto\">117 encontra-se em funcionamento;Acto cont\u00ednuo, das ac\u00e7\u00f5es de averigua\u00e7\u00e3o e de regulariza\u00e7\u00e3o, constatou que:<\/div>\n<div dir=\"auto\">a) A empresa Rede Record de Televis\u00e3o (Angola), Limitada, que responde pela TV Record \u00c1frica, tem no exerc\u00edcio de fun\u00e7\u00e3o de Director-Executivo um cidad\u00e3o n\u00e3o nacional;<\/div>\n<div dir=\"auto\">b) Os quadros estrangeiros da empresa Rede Record de Televis\u00e3o (Angola), Limitada, que exercem a actividade jornal\u00edstica no Pa\u00eds, n\u00e3o se encontram acreditados nem credenciados no Centro de Imprensa An\u00edbal de Melo;<\/div>\n<div dir=\"auto\">c) As empresas provedoras de Televis\u00e3o por Assinatura, nomeadamente, a TV CABO S.A, a DSTV ANGOLA, SA, a FINSTAR \u2013 detentora da ZAP TV, devidamente legalizados, distribuem os canais ZAP VIVA, VIDA TV E REDE RECORD sem o registo para o exerc\u00edcio da actividade de televis\u00e3o em Angola.<\/div>\n<div dir=\"auto\">Tais situa\u00e7\u00f5es, constituem inconformidades legais por violarem os artigos 22.\u00ba; 71.\u00ba e o n.\u00ba 1 do artigo 31.\u00ba, todos da Lei de Imprensa, conjugados com os artigos 7.\u00ba e 18.\u00ba da Lei n.\u00ba 3\/17, de 23 de Janeiro \u2013 Lei do Exerc\u00edcio da Actividade de Televis\u00e3o, com o artigo 21.\u00ba da Lei n.\u00ba 5\/ 17, de 23 de Janeiro \u2013 Lei sobre o Estatuto do Jornalista, e os artigos 81.\u00ba e 86.\u00ba ambos do Decreto Presidencial n.\u00ba 108\/16, de 25 de Maio, que aprova o Regulamento Geral das Comunica\u00e7\u00f5es Electr\u00f3nicas.<\/div>\n<div dir=\"auto\">Face ao exposto, o MINTTICS suspende a partir das Zero Horas do dia 21 de Abril 2021, at\u00e9 \u00e0 sua regulariza\u00e7\u00e3o junto da Direc\u00e7\u00e3o Nacional de Informa\u00e7\u00e3o e Comunica\u00e7\u00e3o Institucional:\uf0b7 O exerc\u00edcio da actividade de televis\u00e3o das empresas Rede Record de Televis\u00e3o Angola Limitada\/ Record TV \u00c1frica e dos jornalistas estrangeiros a elas vinculados;<\/div>\n<div dir=\"auto\">\uf0b7 A veicula\u00e7\u00e3o dos canais ZAP VIVA e VIDA TV;<\/div>\n<div dir=\"auto\">\uf0b7 A suspens\u00e3o dos registos provis\u00f3rios dos jornais, revistas, p\u00e1ginas web (site) de not\u00edcias e esta\u00e7\u00f5es de r\u00e1dio sem actividade efectiva nos \u00faltimos dois anos.<\/div>\n<div dir=\"auto\">Ademais, a autoridade das Comunica\u00e7\u00f5es Electr\u00f3nicas incumbe o INACOM de assegurar o cumprimento das medidas anunciadas.<\/div>\n<div dir=\"auto\">O MINTTICS aproveita o momento para tranquilizar e informar que a sua actua\u00e7\u00e3o decorre da actividade administrativa e do funcionamento normal, o que ir\u00e1 permitir ajustar o processo de atribui\u00e7\u00e3o do t\u00edtulo de registo definitivo do exerc\u00edcio da actividade \u00e0s empresas de Comunica\u00e7\u00e3o Social.<\/div>\n<div dir=\"auto\">Direc\u00e7\u00e3o Nacional de Informa\u00e7\u00e3o e Comunica\u00e7\u00e3o Institucional do Minist\u00e9rio das Telecomunica\u00e7\u00f5es, Tecnologias de Informa\u00e7\u00e3o e Comunica\u00e7\u00e3o Social, Luanda, 19 de Abril de 2021<\/div>\n","protected":false},"excerpt":{"rendered":"<p>A medida tomada pelo MINTTICS tem efeitos a partir das 0 horas do dia 21 de Abril. As TV\u2019s voltar\u00e3o a emitir ap\u00f3s regularizarem a sua situa\u00e7\u00e3o junto da Direc\u00e7\u00e3o Nacional de Informa\u00e7\u00e3o e Comunica\u00e7\u00e3o Institucional. A seguir, na \u00edntegra, o comunicado do MINTTICS: O Minist\u00e9rio das Telecomunica\u00e7\u00f5es, Tecnologias de Informa\u00e7\u00e3o e Comunica\u00e7\u00e3o Social (MINTTICS), [&hellip;]<\/p>\n","protected":false},"author":1,"featured_media":4801,"comment_status":"open","ping_status":"open","sticky":false,"template":"","format":"standard","meta":{"footnotes":""},"categories":[10],"tags":[],"class_list":{"0":"post-4799","1":"post","2":"type-post","3":"status-publish","4":"format-standard","5":"has-post-thumbnail","7":"category-noticias"},"amp_enabled":true,"_links":{"self":[{"href":"https:\/\/tvbelas.com\/tvbelas\/wp-json\/wp\/v2\/posts\/4799","targetHints":{"allow":["GET"]}}],"collection":[{"href":"https:\/\/tvbelas.com\/tvbelas\/wp-json\/wp\/v2\/posts"}],"about":[{"href":"https:\/\/tvbelas.com\/tvbelas\/wp-json\/wp\/v2\/types\/post"}],"author":[{"embeddable":true,"href":"https:\/\/tvbelas.com\/tvbelas\/wp-json\/wp\/v2\/users\/1"}],"replies":[{"embeddable":true,"href":"https:\/\/tvbelas.com\/tvbelas\/wp-json\/wp\/v2\/comments?post=4799"}],"version-history":[{"count":0,"href":"https:\/\/tvbelas.com\/tvbelas\/wp-json\/wp\/v2\/posts\/4799\/revisions"}],"wp:featuredmedia":[{"embeddable":true,"href":"https:\/\/tvbelas.com\/tvbelas\/wp-json\/"}],"wp:attachment":[{"href":"https:\/\/tvbelas.com\/tvbelas\/wp-json\/wp\/v2\/media?parent=4799"}],"wp:term":[{"taxonomy":"category","embeddable":true,"href":"https:\/\/tvbelas.com\/tvbelas\/wp-json\/wp\/v2\/categories?post=4799"},{"taxonomy":"post_tag","embeddable":true,"href":"https:\/\/tvbelas.com\/tvbelas\/wp-json\/wp\/v2\/tags?post=4799"}],"curies":[{"name":"wp","href":"https:\/\/api.w.org\/{rel}","templated":true}]}}