{"id":4822,"date":"2021-04-20T16:30:29","date_gmt":"2021-04-20T15:30:29","guid":{"rendered":"http:\/\/tvbelas.com\/tvbelas\/?p=4822"},"modified":"2021-04-20T16:30:29","modified_gmt":"2021-04-20T15:30:29","slug":"mais-de18-criancas-terao-sido-infectadas-pelo-virus-da-covid-19-no-colegio-pitabel-em-luanda","status":"publish","type":"post","link":"https:\/\/tvbelas.com\/tvbelas\/noticias\/sociedade\/mais-de18-criancas-terao-sido-infectadas-pelo-virus-da-covid-19-no-colegio-pitabel-em-luanda\/","title":{"rendered":"MAIS DE18 CRIAN\u00c7AS TER\u00c3O SIDO INFECTADAS PELO V\u00edrus DA COVID-19 NO COL\u00c9GIO PITABEL EM LUANDA"},"content":{"rendered":"<p>H\u00e1 rumores que est\u00e3o a circular nas redes sociais e at\u00e9 mesmo por pessoas singulares que alegam a exist\u00eancia de 19 casos de covid em crian\u00e7as com idades compreendidas entre os 08 aos 12 anos, estudantes do col\u00e9gio Pitabel em Luanda, arredores do condom\u00ednio jardim de rosas<\/p>\n<p>Segundo uma fonte an\u00f3nima que preferiu o anonimato no sentido de n\u00e3o sofrer repres\u00e1lias por parte da referida institui\u00e7\u00e3o de ensino, os encarregados de educa\u00e7\u00e3o que tomaram o conhecimento do facto exigem mais informa\u00e7\u00f5es e esclarecimentos sobre os supostos casos detectados naquele col\u00e9gio, mas infelizmente a direc\u00e7\u00e3o n\u00e3o se predisp\u00f5e a prestar nenhum esclarecimento sobre o assunto<\/p>\n<p>No entanto, os encarregados de educa\u00e7\u00e3o mostram-se preocupados a situa\u00e7\u00e3o em causa e pedem a interven\u00e7\u00e3o de forma r\u00e1pida por parte das entidades competentes, no sentido de tomarem as devidas precau\u00e7\u00f5es<\/p>\n","protected":false},"excerpt":{"rendered":"<p>H\u00e1 rumores que est\u00e3o a circular nas redes sociais e at\u00e9 mesmo por pessoas singulares que alegam a exist\u00eancia de 19 casos de covid em crian\u00e7as com idades compreendidas entre os 08 aos 12 anos, estudantes do col\u00e9gio Pitabel em Luanda, arredores do condom\u00ednio jardim de rosas Segundo uma fonte an\u00f3nima que preferiu o anonimato [&hellip;]<\/p>\n","protected":false},"author":1,"featured_media":4820,"comment_status":"open","ping_status":"open","sticky":false,"template":"","format":"standard","meta":{"footnotes":""},"categories":[15],"tags":[],"class_list":{"0":"post-4822","1":"post","2":"type-post","3":"status-publish","4":"format-standard","5":"has-post-thumbnail","7":"category-sociedade"},"amp_enabled":true,"_links":{"self":[{"href":"https:\/\/tvbelas.com\/tvbelas\/wp-json\/wp\/v2\/posts\/4822","targetHints":{"allow":["GET"]}}],"collection":[{"href":"https:\/\/tvbelas.com\/tvbelas\/wp-json\/wp\/v2\/posts"}],"about":[{"href":"https:\/\/tvbelas.com\/tvbelas\/wp-json\/wp\/v2\/types\/post"}],"author":[{"embeddable":true,"href":"https:\/\/tvbelas.com\/tvbelas\/wp-json\/wp\/v2\/users\/1"}],"replies":[{"embeddable":true,"href":"https:\/\/tvbelas.com\/tvbelas\/wp-json\/wp\/v2\/comments?post=4822"}],"version-history":[{"count":0,"href":"https:\/\/tvbelas.com\/tvbelas\/wp-json\/wp\/v2\/posts\/4822\/revisions"}],"wp:featuredmedia":[{"embeddable":true,"href":"https:\/\/tvbelas.com\/tvbelas\/wp-json\/"}],"wp:attachment":[{"href":"https:\/\/tvbelas.com\/tvbelas\/wp-json\/wp\/v2\/media?parent=4822"}],"wp:term":[{"taxonomy":"category","embeddable":true,"href":"https:\/\/tvbelas.com\/tvbelas\/wp-json\/wp\/v2\/categories?post=4822"},{"taxonomy":"post_tag","embeddable":true,"href":"https:\/\/tvbelas.com\/tvbelas\/wp-json\/wp\/v2\/tags?post=4822"}],"curies":[{"name":"wp","href":"https:\/\/api.w.org\/{rel}","templated":true}]}}