{"id":4833,"date":"2021-04-20T19:54:50","date_gmt":"2021-04-20T18:54:50","guid":{"rendered":"http:\/\/tvbelas.com\/tvbelas\/?p=4833"},"modified":"2021-04-20T19:54:50","modified_gmt":"2021-04-20T18:54:50","slug":"superliga-europeia-tribunal-de-madrid-com-medidas-cautelares-contra-a-uefa-fifa-e-federacoes-enquanto-premier-league-e-clubes-rejeitam-a-prova","status":"publish","type":"post","link":"https:\/\/tvbelas.com\/tvbelas\/noticias\/desporto\/superliga-europeia-tribunal-de-madrid-com-medidas-cautelares-contra-a-uefa-fifa-e-federacoes-enquanto-premier-league-e-clubes-rejeitam-a-prova\/","title":{"rendered":"Superliga Europeia: Tribunal de Madrid com medidas cautelares contra a UEFA, FIFA e Federa\u00e7\u00f5es enquanto Premier League e clubes rejeitam a prova."},"content":{"rendered":"<p>\u00c1s medidas visam impedir a\u00e7\u00f5es da FIFA, UEFA e de todas as suas federa\u00e7\u00f5es ou Ligas associadas que &#8220;condicionem de qualquer maneira, direta ou indireta, o avan\u00e7o da Superliga\u201d.<\/p>\n<p>O tribunal do com\u00e9rcio de Madrid determinou esta 3\u00aafeira medidas cautelares para impedir qualquer a\u00e7\u00e3o que inviabilize a Superliga europeia de futebol, informou a ag\u00eancia EFE.<br \/>\nAs medidas cautelares visam impedir a\u00e7\u00f5es da FIFA, UEFA e todas as suas federa\u00e7\u00f5es ou ligas associadas que \u201cpro\u00edbam, restrinjam, limitem ou condicionem de qualquer maneira, direta ou indiretamente, o avan\u00e7o da Superliga\u201d.<br \/>\nDa mesma forma, segundo a EFE, o tribunal pro\u00edbe que se adotem \u201cquaisquer medidas sancionat\u00f3rias ou disciplinares contras os clubes participantes [na Superliga europeia], os seus jogadores ou dirigentes\u201d.<br \/>\nNo domingo, 18 de abril, AC Milan, Arsenal, Atl\u00e9tico de Madrid, Chelsea, FC Barcelona, Inter Mil\u00e3o, Juventus, Liverpool, Manchester City, Manchester United, Real Madrid e Tottenham anunciaram a cria\u00e7\u00e3o da Superliga europeia, \u00e0 revelia de UEFA, federa\u00e7\u00f5es nacionais e v\u00e1rios outros clubes.<br \/>\nA competi\u00e7\u00e3o vai ser disputada por 20 clubes, 15 dos quais fundadores \u2013 apesar de s\u00f3 terem sido revelados 12 \u2013 e outros cinco, qualificados anualmente.<br \/>\nA UEFA anunciou que vai excluir todos os clubes que integrem a Superliga, assegurando contar com o apoio das federa\u00e7\u00f5es de Inglaterra, Espanha e It\u00e1lia, bem como das ligas de futebol destes tr\u00eas pa\u00edses.<br \/>\nEntretanto, o organismo que rege o futebol europeu anunciou o alargamento da Liga dos Campe\u00f5es de 32 para 36 clubes, a partir de 2024\/25, numa liga \u00fanica, com cinco jogos em casa e outros tantos fora.<br \/>\nO Bayern de Munique voltou a colocar-se contra a cria\u00e7\u00e3o da Superliga Europeia, anunciada por 12 clubes no passado domingo.<br \/>\nNum comunicado emitido esta ter\u00e7a-feira, o presidente do clube, Herbert Hainer, afirma que os membros e adeptos do clubes rejeitam a ideia.<br \/>\n&#8220;No Bayern, o nosso desejo e objetivo \u00e9 que os clubes europeus vivam a fant\u00e1stica e emocional competi\u00e7\u00e3o que \u00e9 a Liga dos Campe\u00f5es, e desenvolve-la juntamente com a UEFA. O Bayern diz n\u00e3o \u00e0 Superliga&#8221;, l\u00ea-se na nota.<br \/>\nTamb\u00e9m o CEO dos b\u00e1varos, Karl-Heinz Rummenigge, real\u00e7ou o n\u00e3o do clube \u00e0 nova competi\u00e7\u00e3o, aproveitando para recordar a recente final da Liga dos Campe\u00f5es, em Lisboa.<br \/>\n&#8220;O Bayern coloca-se ao lado da Bundesliga. Sempre foi e \u00e9 um grande prazer para n\u00f3s podermos jogar e representar a Alemanha na Liga dos Campe\u00f5es. Lembramo-nos com alegria da nossa vit\u00f3ria em Lisboa na Liga dos Campe\u00f5es de 2020 &#8211; ningu\u00e9m se esquece de tal momento de alegria. Para o Bayern, a Liga dos Campe\u00f5es \u00e9 a melhor competi\u00e7\u00e3o de clubes do mundo&#8221;, conclui.<br \/>\nEnquanto isso Jordan Henderson, capit\u00e3o do Liverpool, convocou uma reuni\u00e3o de emerg\u00eancia com os capit\u00e3es da Premier League para abordar a pol\u00e9mica Superliga Europeia.<br \/>\nO &#8216;Daily Mail&#8217; adianta que foram convocados dos capit\u00e3es de todos os clubes da prova inglesa, sendo esperado que o jogador dos &#8216;reds&#8217; lidere a resposta dos jogadores em rela\u00e7\u00e3o \u00e0 nova competi\u00e7\u00e3o.<br \/>\nA Premier League reuniu-se esta ter\u00e7a-feira com os 14 clubes da prova que n\u00e3o fazem parte da nova Superliga Europeia e com a Federa\u00e7\u00e3o Inglesa numa reuni\u00e3o que tinha como \u00fanico ponto de agenda esta pol\u00e9mica nova competi\u00e7\u00e3o.<br \/>\nOs 14 clubes &#8220;rejeitaram unanimemente e vigorosamente os planos para a competi\u00e7\u00e3o&#8221;, l\u00ea-se no comunicado emitido pela Liga Inglesa.<br \/>\n&#8220;A Premier League est\u00e1 a considerar todas as a\u00e7\u00f5es dispon\u00edveis para impedir que a competi\u00e7\u00e3o progrida, al\u00e9m de responsabilizar os acionistas envolvidos de acordo com as suas regras&#8221;, acrescentam.<br \/>\nA Premier League real\u00e7a ainda que ir\u00e1 continuar a trabalhar com adeptos, o governo brit\u00e2nico, a UEFA, a Federa\u00e7\u00e3o Inglesa, a Liga Inglesa de Clubes, a Associa\u00e7\u00e3o de Futebolistas Profissionais inglesa e a Associa\u00e7\u00e3o de Treinadores da Liga para &#8220;proteger os interesses do jogo e apelar aos clubes envolvidos na competi\u00e7\u00e3o proposta que terminem o seu envolvimento imediatamente&#8221;.<br \/>\nPor fim, a organiza\u00e7\u00e3o agradece ainda aos adeptos pelo apoio demonstrado neste assunto, uma rea\u00e7\u00e3o &#8220;o quanto a nossa pir\u00e2mide aberta e a comunidade futebolistica significa para as pessoas&#8221;.<\/p>\n","protected":false},"excerpt":{"rendered":"<p>\u00c1s medidas visam impedir a\u00e7\u00f5es da FIFA, UEFA e de todas as suas federa\u00e7\u00f5es ou Ligas associadas que &#8220;condicionem de qualquer maneira, direta ou indireta, o avan\u00e7o da Superliga\u201d. O tribunal do com\u00e9rcio de Madrid determinou esta 3\u00aafeira medidas cautelares para impedir qualquer a\u00e7\u00e3o que inviabilize a Superliga europeia de futebol, informou a ag\u00eancia EFE. [&hellip;]<\/p>\n","protected":false},"author":1,"featured_media":4835,"comment_status":"open","ping_status":"open","sticky":false,"template":"","format":"standard","meta":{"footnotes":""},"categories":[19],"tags":[],"class_list":{"0":"post-4833","1":"post","2":"type-post","3":"status-publish","4":"format-standard","5":"has-post-thumbnail","7":"category-desporto"},"amp_enabled":true,"_links":{"self":[{"href":"https:\/\/tvbelas.com\/tvbelas\/wp-json\/wp\/v2\/posts\/4833","targetHints":{"allow":["GET"]}}],"collection":[{"href":"https:\/\/tvbelas.com\/tvbelas\/wp-json\/wp\/v2\/posts"}],"about":[{"href":"https:\/\/tvbelas.com\/tvbelas\/wp-json\/wp\/v2\/types\/post"}],"author":[{"embeddable":true,"href":"https:\/\/tvbelas.com\/tvbelas\/wp-json\/wp\/v2\/users\/1"}],"replies":[{"embeddable":true,"href":"https:\/\/tvbelas.com\/tvbelas\/wp-json\/wp\/v2\/comments?post=4833"}],"version-history":[{"count":0,"href":"https:\/\/tvbelas.com\/tvbelas\/wp-json\/wp\/v2\/posts\/4833\/revisions"}],"wp:featuredmedia":[{"embeddable":true,"href":"https:\/\/tvbelas.com\/tvbelas\/wp-json\/"}],"wp:attachment":[{"href":"https:\/\/tvbelas.com\/tvbelas\/wp-json\/wp\/v2\/media?parent=4833"}],"wp:term":[{"taxonomy":"category","embeddable":true,"href":"https:\/\/tvbelas.com\/tvbelas\/wp-json\/wp\/v2\/categories?post=4833"},{"taxonomy":"post_tag","embeddable":true,"href":"https:\/\/tvbelas.com\/tvbelas\/wp-json\/wp\/v2\/tags?post=4833"}],"curies":[{"name":"wp","href":"https:\/\/api.w.org\/{rel}","templated":true}]}}