{"id":4837,"date":"2021-04-20T20:04:46","date_gmt":"2021-04-20T19:04:46","guid":{"rendered":"http:\/\/tvbelas.com\/tvbelas\/?p=4837"},"modified":"2021-04-20T20:04:46","modified_gmt":"2021-04-20T19:04:46","slug":"pr-consola-familias-que-perderam-entes-queridos-em-consequencia-das-chuvas-na-capital","status":"publish","type":"post","link":"https:\/\/tvbelas.com\/tvbelas\/noticias\/sociedade\/pr-consola-familias-que-perderam-entes-queridos-em-consequencia-das-chuvas-na-capital\/","title":{"rendered":"JO\u00c3O LOUREN\u00c7O  CONSOLA FAM\u00cdLIAS QUE PERDERAM ENTES QUERIDOS EM CONSEQU\u00caNCIA DAS CHUVAS NA CAPITAL."},"content":{"rendered":"<p>O Presidente da Rep\u00fablica, Jo\u00e3o Louren\u00e7o, em mensagem, endere\u00e7ou condol\u00eancias aos familiares das v\u00edtimas das enxurradas que se abateram sobre Luanda no dia de ontem.<\/p>\n<p>O teor da mensagem do Chefe de Estado:<\/p>\n<p>&#8220;As pesadas chuvas que se t\u00eam abatido neste m\u00eas de Abril sobre Luanda, para al\u00e9m dos elevados danos materiais, causaram ontem a morte de 14 cidad\u00e3os, seja pelo efeito directo das enxurradas, seja pelo desabar das suas prec\u00e1rias habita\u00e7\u00f5es.<\/p>\n<p>N\u00e3o podemos ficar indiferentes a mais esta trag\u00e9dia, que ciclicamente enluta ou causa graves preju\u00edzos aos habitantes da capital no per\u00edodo mais agudo da esta\u00e7\u00e3o das chuvas.<\/p>\n<p>A todas as fam\u00edlias que perderam os seus entes queridos, exprimo a minha solidariedade e as mais sentidas condol\u00eancias.<\/p>\n<p>Aproveito esta oportunidade para apelar ao bom senso e compreens\u00e3o de todos os habitantes da capital, para que evitem agravar o j\u00e1 fr\u00e1gil sistema de saneamento da cidade, abstendo-se de construir sobre as linhas de \u00e1gua e canais de escoamento das quedas pluviais, respeitando as medidas adoptadas para o seu pleno funcionamento.<\/p>\n<p>JO\u00c3O MANUEL GON\u00c7ALVES LOUREN\u00c7O<\/p>\n<p>PRESIDENTE DA REP\u00daBLICA &#8220;<\/p>\n","protected":false},"excerpt":{"rendered":"<p>O Presidente da Rep\u00fablica, Jo\u00e3o Louren\u00e7o, em mensagem, endere\u00e7ou condol\u00eancias aos familiares das v\u00edtimas das enxurradas que se abateram sobre Luanda no dia de ontem. O teor da mensagem do Chefe de Estado: &#8220;As pesadas chuvas que se t\u00eam abatido neste m\u00eas de Abril sobre Luanda, para al\u00e9m dos elevados danos materiais, causaram ontem a [&hellip;]<\/p>\n","protected":false},"author":1,"featured_media":4262,"comment_status":"open","ping_status":"open","sticky":false,"template":"","format":"standard","meta":{"footnotes":""},"categories":[15],"tags":[],"class_list":{"0":"post-4837","1":"post","2":"type-post","3":"status-publish","4":"format-standard","5":"has-post-thumbnail","7":"category-sociedade"},"amp_enabled":true,"_links":{"self":[{"href":"https:\/\/tvbelas.com\/tvbelas\/wp-json\/wp\/v2\/posts\/4837","targetHints":{"allow":["GET"]}}],"collection":[{"href":"https:\/\/tvbelas.com\/tvbelas\/wp-json\/wp\/v2\/posts"}],"about":[{"href":"https:\/\/tvbelas.com\/tvbelas\/wp-json\/wp\/v2\/types\/post"}],"author":[{"embeddable":true,"href":"https:\/\/tvbelas.com\/tvbelas\/wp-json\/wp\/v2\/users\/1"}],"replies":[{"embeddable":true,"href":"https:\/\/tvbelas.com\/tvbelas\/wp-json\/wp\/v2\/comments?post=4837"}],"version-history":[{"count":0,"href":"https:\/\/tvbelas.com\/tvbelas\/wp-json\/wp\/v2\/posts\/4837\/revisions"}],"wp:featuredmedia":[{"embeddable":true,"href":"https:\/\/tvbelas.com\/tvbelas\/wp-json\/"}],"wp:attachment":[{"href":"https:\/\/tvbelas.com\/tvbelas\/wp-json\/wp\/v2\/media?parent=4837"}],"wp:term":[{"taxonomy":"category","embeddable":true,"href":"https:\/\/tvbelas.com\/tvbelas\/wp-json\/wp\/v2\/categories?post=4837"},{"taxonomy":"post_tag","embeddable":true,"href":"https:\/\/tvbelas.com\/tvbelas\/wp-json\/wp\/v2\/tags?post=4837"}],"curies":[{"name":"wp","href":"https:\/\/api.w.org\/{rel}","templated":true}]}}