{"id":4877,"date":"2021-04-22T23:17:06","date_gmt":"2021-04-22T22:17:06","guid":{"rendered":"http:\/\/tvbelas.com\/tvbelas\/?p=4877"},"modified":"2021-04-22T23:17:06","modified_gmt":"2021-04-22T22:17:06","slug":"federacao-angolana-de-futebol-e-a-de-boxe-ausentes-da-reuniao-com-presidente-da-republica-que-abordou-o-estado-do-desporto-nacional","status":"publish","type":"post","link":"https:\/\/tvbelas.com\/tvbelas\/noticias\/desporto\/federacao-angolana-de-futebol-e-a-de-boxe-ausentes-da-reuniao-com-presidente-da-republica-que-abordou-o-estado-do-desporto-nacional\/","title":{"rendered":"FEDERA\u00c7\u00c3O ANGOLANA DE FUTEBOL E A DE BOXE AUSENTES DA REUNI\u00c3O COM PRESIDENTE DA REP\u00daBLICA QUE ABORDOU O ESTADO DO DESPORTO NACIONAL."},"content":{"rendered":"<p>Quest\u00f5es relacionadas com educa\u00e7\u00e3o f\u00edsica e forma\u00e7\u00e3o dos desportistas nacionais foram dos principais temas discutidos nesta quinta-feira, em Luanda, entre o Presidente da Rep\u00fablica e os l\u00edderes das federa\u00e7\u00f5es desportivas do pa\u00eds.<\/p>\n<p>Segundo a ministra de Estado para \u00c1rea Social, Carolina Cerqueira, que participou no encontro, foi de igual modo discutido a valoriza\u00e7\u00e3o das modalidades desportivas, o apoio financeiro para o desenvolvimento do desporto, incentivo aos patroc\u00ednios e doa\u00e7\u00f5es.<br \/>\nEm declara\u00e7\u00f5es \u00e0 imprensa, a governante informou que, sobre as infra-estruturas desportivas, foi analisada a constru\u00e7\u00e3o de quadras desportivas nas escolas, no \u00e2mbito do Plano Integrado de Interven\u00e7\u00e3o nos Munic\u00edpios (PIIM), de forma a garantir a massifica\u00e7\u00e3o do desporto.<br \/>\nOs representantes das federa\u00e7\u00f5es manifestaram a necessidade de maior oportunidade para elevar o desporto nacional al\u00e9m-fronteiras, tendo em conta que pode constituir-se em mais-valia na diplomacia.<br \/>\nNa sess\u00e3o de abertura do encontro, o Presidente da Rep\u00fablica, Jo\u00e3o Louren\u00e7o, manifestou preocupa\u00e7\u00e3o com o decl\u00ednio do desporto angolano e defendeu uma gest\u00e3o que rentabilize as infra-estruturas desportivas do pa\u00eds.<br \/>\nO Chefe de Estado angolano lembrou que o Executivo investiu na constru\u00e7\u00e3o de est\u00e1dios e pavilh\u00f5es gimnodesportivos em algumas prov\u00edncias, mas a gest\u00e3o est\u00e1 aqu\u00e9m do desejado.<br \/>\nDo encontro n\u00e3o participa\u00e7\u00e3o \u00e1s Federa\u00e7\u00f5es de Futebol e Boxe, cujas elei\u00e7\u00f5es foram consideradas irregulares, pelo que at\u00e9 agora os respectivos elencos vencedores ainda n\u00e3o tomaram posse.<br \/>\nLembramos que o elenco do presidente reeleito da Federa\u00e7\u00e3o Angolana de Futebol (FAF), Artur de Almeida e Silva, est\u00e1 impedido de tomar posse. Em causa, est\u00e1 um despacho do Tribunal Provincial de Luanda que resulta da instaura\u00e7\u00e3o de um processo, indiciando-o no crime de fraude.<br \/>\nO despacho da 3\u00aa Sec\u00e7\u00e3o da Sala do Civil e Administrativo do Tribunal Provincial de Luanda surge de uma queixa apresentada por Nando Jord\u00e3o, candidato que ficou em segundo lugar na corrida \u00e0 presid\u00eancia da FAF.<br \/>\nDe acordo com o documento, Artur de Almeida e Silva (reeleito com 70 votos) n\u00e3o dever\u00e1 tomar posse, ficando assim impedida a cerim\u00f3nia que esteve marcada para 21 de Novembro.<br \/>\nNando Jord\u00e3o acusa Artur de Almeida e Silva de ter beneficiado de votos de clubes que n\u00e3o deveriam fazer parte da popula\u00e7\u00e3o votante, por estes n\u00e3o participarem das provas da FAF.<br \/>\nArtur de Almeida e Silva assumiu a lideran\u00e7a da FAF em 2016 e foi reconduzido no passado s\u00e1bado por mais um mandato de quatro anos vencendo Nando Jord\u00e3o, da lista A, Ant\u00f3nio Gomes, da lista C e Alberto Macaia, da lista D.<\/p>\n","protected":false},"excerpt":{"rendered":"<p>Quest\u00f5es relacionadas com educa\u00e7\u00e3o f\u00edsica e forma\u00e7\u00e3o dos desportistas nacionais foram dos principais temas discutidos nesta quinta-feira, em Luanda, entre o Presidente da Rep\u00fablica e os l\u00edderes das federa\u00e7\u00f5es desportivas do pa\u00eds. Segundo a ministra de Estado para \u00c1rea Social, Carolina Cerqueira, que participou no encontro, foi de igual modo discutido a valoriza\u00e7\u00e3o das modalidades [&hellip;]<\/p>\n","protected":false},"author":1,"featured_media":4879,"comment_status":"open","ping_status":"open","sticky":false,"template":"","format":"gallery","meta":{"footnotes":""},"categories":[19],"tags":[],"class_list":{"0":"post-4877","1":"post","2":"type-post","3":"status-publish","4":"format-gallery","5":"has-post-thumbnail","7":"category-desporto","8":"post_format-post-format-gallery"},"amp_enabled":true,"_links":{"self":[{"href":"https:\/\/tvbelas.com\/tvbelas\/wp-json\/wp\/v2\/posts\/4877","targetHints":{"allow":["GET"]}}],"collection":[{"href":"https:\/\/tvbelas.com\/tvbelas\/wp-json\/wp\/v2\/posts"}],"about":[{"href":"https:\/\/tvbelas.com\/tvbelas\/wp-json\/wp\/v2\/types\/post"}],"author":[{"embeddable":true,"href":"https:\/\/tvbelas.com\/tvbelas\/wp-json\/wp\/v2\/users\/1"}],"replies":[{"embeddable":true,"href":"https:\/\/tvbelas.com\/tvbelas\/wp-json\/wp\/v2\/comments?post=4877"}],"version-history":[{"count":0,"href":"https:\/\/tvbelas.com\/tvbelas\/wp-json\/wp\/v2\/posts\/4877\/revisions"}],"wp:featuredmedia":[{"embeddable":true,"href":"https:\/\/tvbelas.com\/tvbelas\/wp-json\/"}],"wp:attachment":[{"href":"https:\/\/tvbelas.com\/tvbelas\/wp-json\/wp\/v2\/media?parent=4877"}],"wp:term":[{"taxonomy":"category","embeddable":true,"href":"https:\/\/tvbelas.com\/tvbelas\/wp-json\/wp\/v2\/categories?post=4877"},{"taxonomy":"post_tag","embeddable":true,"href":"https:\/\/tvbelas.com\/tvbelas\/wp-json\/wp\/v2\/tags?post=4877"}],"curies":[{"name":"wp","href":"https:\/\/api.w.org\/{rel}","templated":true}]}}