{"id":4947,"date":"2021-04-28T22:39:33","date_gmt":"2021-04-28T21:39:33","guid":{"rendered":"http:\/\/tvbelas.com\/tvbelas\/?p=4947"},"modified":"2021-04-28T22:39:33","modified_gmt":"2021-04-28T21:39:33","slug":"desporto-angolano-novamente-a-porta-fechada-devido-ao-crescente-aumento-de-casos-de-covid-19-no-pais","status":"publish","type":"post","link":"https:\/\/tvbelas.com\/tvbelas\/noticias\/desporto\/desporto-angolano-novamente-a-porta-fechada-devido-ao-crescente-aumento-de-casos-de-covid-19-no-pais\/","title":{"rendered":"DESPORTO ANGOLANO NOVAMENTE \u00c0 PORTA FECHADA DEVIDO AO CRESCENTE AUMENTO DE CASOS DE COVID 19 NO PA\u00cdS."},"content":{"rendered":"<p>As actividades desportivas decorrer\u00e3o novamente \u00e0 porta fechada, em fun\u00e7\u00e3o da actualiza\u00e7\u00e3o das medidas da Situa\u00e7\u00e3o de Calamidade P\u00fablica, que estar\u00e3o em vigor no Pa\u00eds a partir desta quinta feira 29 de Abril e vigorar\u00e3o at\u00e9 28 de Maio, devido \u00e0 pandemia da Covid -19.<\/p>\n<p>O an\u00fancio sobre a delibera\u00e7\u00e3o do Executivo foi feito nesta quarta-feira, em Luanda, pelo ministro de Estado e Chefe da Casa Civil do Presidente da Rep\u00fablica, Ad\u00e3o de Almeida, que falava em confer\u00eancia de imprensa.<br \/>\nAssim, fica interdita a presen\u00e7a de espectadores nos recintos desportivos ap\u00f3s a autoriza\u00e7\u00e3o anterior, em Janeiro \u00faltimo, que permitia at\u00e9 dez por cento da lota\u00e7\u00e3o de cada infra-estrutura.<br \/>\nOs desportos individuais n\u00e3o federados ter\u00e3o lugar no per\u00edodo das 5h30 as 7h30 e das 17h as 19h, enquanto os gin\u00e1sios em espa\u00e7os fechados continuam interditos.<br \/>\nO ministro Ad\u00e3o de Almeida afirmou que o actual per\u00edodo pode ser alterado em fun\u00e7\u00e3o da evolu\u00e7\u00e3o da situa\u00e7\u00e3o epidemiol\u00f3gica no pa\u00eds.<br \/>\nAngola est\u00e1 em plena segunda vaga da pandemia da Covid-19, registando-se um aumento r\u00e1pido de casos, inclusive de novas variantes do v\u00edrus.<br \/>\nNos \u00faltimos tr\u00eas dias foram diagnosticados 260 casos da estripe inglesa, perfazendo um total de 523 casos, incluindo da variante sul-africana, desde o m\u00eas de Mar\u00e7o deste ano.<br \/>\nA interdi\u00e7\u00e3o de p\u00fablico nos espa\u00e7os desportivos surge numa altura em que decorre em Luanda os campeonatos nacionais s\u00e9niores masculino e feminino de andebol, no pavil\u00e3o Multi\u00fasos do Kilamba, cuja presen\u00e7a de 10 por cento de espectadores tem contribu\u00eddo para o moral dos intervenientes em campo, tal como acontece no nacional de futebol (Girabola2021).<br \/>\nTamb\u00e9m foi asim durante o Campeonato Nacional de basquetebol s\u00e9nior masculino, terminado recentemente com a consagra\u00e7\u00e3o do Petro de Luanda, merc\u00ea da vit\u00f3ria na final sobre o Interclube, por 3-0, em &#8220;play offs&#8221; a melhor de cinco partidas.<\/p>\n","protected":false},"excerpt":{"rendered":"<p>As actividades desportivas decorrer\u00e3o novamente \u00e0 porta fechada, em fun\u00e7\u00e3o da actualiza\u00e7\u00e3o das medidas da Situa\u00e7\u00e3o de Calamidade P\u00fablica, que estar\u00e3o em vigor no Pa\u00eds a partir desta quinta feira 29 de Abril e vigorar\u00e3o at\u00e9 28 de Maio, devido \u00e0 pandemia da Covid -19. O an\u00fancio sobre a delibera\u00e7\u00e3o do Executivo foi feito nesta [&hellip;]<\/p>\n","protected":false},"author":1,"featured_media":4949,"comment_status":"open","ping_status":"open","sticky":false,"template":"","format":"standard","meta":{"footnotes":""},"categories":[19],"tags":[],"class_list":{"0":"post-4947","1":"post","2":"type-post","3":"status-publish","4":"format-standard","5":"has-post-thumbnail","7":"category-desporto"},"amp_enabled":true,"_links":{"self":[{"href":"https:\/\/tvbelas.com\/tvbelas\/wp-json\/wp\/v2\/posts\/4947","targetHints":{"allow":["GET"]}}],"collection":[{"href":"https:\/\/tvbelas.com\/tvbelas\/wp-json\/wp\/v2\/posts"}],"about":[{"href":"https:\/\/tvbelas.com\/tvbelas\/wp-json\/wp\/v2\/types\/post"}],"author":[{"embeddable":true,"href":"https:\/\/tvbelas.com\/tvbelas\/wp-json\/wp\/v2\/users\/1"}],"replies":[{"embeddable":true,"href":"https:\/\/tvbelas.com\/tvbelas\/wp-json\/wp\/v2\/comments?post=4947"}],"version-history":[{"count":0,"href":"https:\/\/tvbelas.com\/tvbelas\/wp-json\/wp\/v2\/posts\/4947\/revisions"}],"wp:featuredmedia":[{"embeddable":true,"href":"https:\/\/tvbelas.com\/tvbelas\/wp-json\/"}],"wp:attachment":[{"href":"https:\/\/tvbelas.com\/tvbelas\/wp-json\/wp\/v2\/media?parent=4947"}],"wp:term":[{"taxonomy":"category","embeddable":true,"href":"https:\/\/tvbelas.com\/tvbelas\/wp-json\/wp\/v2\/categories?post=4947"},{"taxonomy":"post_tag","embeddable":true,"href":"https:\/\/tvbelas.com\/tvbelas\/wp-json\/wp\/v2\/tags?post=4947"}],"curies":[{"name":"wp","href":"https:\/\/api.w.org\/{rel}","templated":true}]}}