{"id":5080,"date":"2021-05-03T20:05:48","date_gmt":"2021-05-03T19:05:48","guid":{"rendered":"http:\/\/tvbelas.com\/tvbelas\/?p=5080"},"modified":"2021-05-03T20:05:48","modified_gmt":"2021-05-03T19:05:48","slug":"chileno-arturo-vidal-conquistou-nono-titulo-nos-ultimos-10-anos-por-4-clubes-e-em-3-ligas-diferentes","status":"publish","type":"post","link":"https:\/\/tvbelas.com\/tvbelas\/noticias\/desporto\/chileno-arturo-vidal-conquistou-nono-titulo-nos-ultimos-10-anos-por-4-clubes-e-em-3-ligas-diferentes\/","title":{"rendered":"CHILENO ARTURO VIDAL CONQUISTOU NONO T\u00cdTULO NOS \u00daLTIMOS 10 ANOS POR 4 CLUBES E EM 3 LIGAS DIFERENTES."},"content":{"rendered":"<p>Poucos s\u00e3o os jogadores de futebol que se podem gabar desta performance. Dentre esta restrita lista de futebolistas esta o m\u00e9dio criativo chileno Arturo Vidal, de 33 anos, que entrou para a hist\u00f3ria ao colecionar para a sua carreira mais uma conquista, desta vez, o 1\u00ba scudetto ao servi\u00e7o do Inter de Mil\u00e3o, depois de j\u00e1 ter ganho, tamb\u00e9m em It\u00e1lia, mas pela Juventus (4).<\/p>\n<p>Na sua passagem pela Bundesliga, arrebatou pelo Bayern de Munique (3) campeonatos, sendo que em Espanha venceu uma La Liga pelo Barcelona.<br \/>\nANOS E CAMPEONATOS CONQUISTADOS POR ARTURO VIDAL NA EUROPA<br \/>\n\u2794 2012: Campe\u00e3o Serie A &#8211; JUVENTUS<br \/>\n\u2794 2013: Campe\u00e3o Serie A &#8211; JUVENTUS<br \/>\n\u2794 2014: Campe\u00e3o Serie A &#8211; JUVENTUS<br \/>\n\u2794 2015: Campe\u00e3o Serie A &#8211; JUVENTUS<br \/>\n\u2794 2016: Campe\u00e3o Bundesliga &#8211; BAYERN DE MUNIQUE<br \/>\n\u2794 2017: Campe\u00e3o Bundesliga \u2013 BAYERN DE MUNIQUE<br \/>\n\u2794 2018: Campe\u00e3o Bundesliga &#8211; BAYERN DE MUNIQUE<br \/>\n\u2794 2019: Campe\u00e3o La Liga &#8211; BARCELONA<br \/>\n\u2794 2021: Campe\u00e3o Serie A \u2013 INTER DE MIL\u00c3O<br \/>\nCARREIRA<br \/>\nO seu potencial foi descoberto pelo tio, mais tarde, juntou-se aos jovens jogadores do Colo-Colo.<br \/>\nBayer Leverkusen<br \/>\nO Bayer Leverkusen o contratou por quatro temporadas a um custo de 5,6 milh\u00f5es de euros, maior valor por um jogador chileno, marca que pertencia at\u00e9 ent\u00e3o a Mat\u00edas Fern\u00e1ndez.<br \/>\nA temporada 2010-11 seria a \u00faltima de Vidal pelo Bayer. Ele ajudou o clube a terminar como vice-campe\u00e3o da Bundesliga e liderou ranking de assist\u00eancias com 11<br \/>\nJuventus<br \/>\nEm 22 de julho de 2011 transferiu-se para a Juventus por \u20ac 10,5 milh\u00f5es por um contrato de cinco anos. Fez a sua estreia frente ao Parma, substituindo no segundo tempo Alessandro Del Piero, e marcou o seu primeiro golo seis minutos depois da sua entrada em campo.<br \/>\nEm 19 de setembro de 2012, Vidal marcou seu primeiro gol na Liga dos Campe\u00f5es da UEFA na fase de grupos empatando o jogo em 2 a 2 frente ao Chelsea<br \/>\nBayern de Munique<br \/>\nFoi contratado pelo Bayern de Munique em 23 de julho de 2015 por quatro temporadas. Estreou-se quatro dias depois na decis\u00e3o da Superta\u00e7a da Alemanha de 2015.<br \/>\nBarcelona<br \/>\nEm 3 de agosto de 2018 Bayern e Barcelona anunciaram que acordaram a transfer\u00eancia de Vidal por tr\u00eas temporadas.<br \/>\nNo dia 28 de outubro de 2018, marcou seu primeiro gol com a equipe catal\u00e3 na goleada por 5&#215;1 diante do maior rival, Real Madrid.<br \/>\nInternazionale<br \/>\nNo dia 22 de setembro de 2020, a Internazionale anunciou a contrata\u00e7\u00e3o de Vidal, com um contrato de dois anos. Fez a sua estreia, pelo clube italiano, no dia 26 de setembro de 2020, numa vit\u00f3ria por 4-3, frente a Fiorentina, para a Serie A 2020\u201321.[14]<br \/>\nPela Sele\u00e7\u00e3o Chilena<br \/>\nVidal representou a equipa sub-20 do Chile no Campeonato Sul-Americano de 2007 no Paraguai, onde foi o segundo melhor artilheiro do campeonato, com seis golos.<br \/>\nEstreou-se pela A Sele\u00e7\u00e3o Chilena \u00e1 7 de fevereiro de 2007 durante uma partida amistosa diante da Venezuela. Desde ent\u00e3o passou a ser presen\u00e7a constante nas convocat\u00f3rias. Participou das Copas do Mundo de 2010 e 2014 e das edi\u00e7\u00f5es da Copa Am\u00e9rica de 2011 e 2015. Nesta \u00faltima sagrou-se campe\u00e3o.<br \/>\nT\u00edtulos Gerais individuais e colectivos na carreira de Arturo Vidal<br \/>\nColo-Colo<br \/>\n\u2022 Primeira Divis\u00e3o do Chile: 2006, 2007<br \/>\nJuventus<br \/>\n\u2022 Campeonato Italiano: 2011\u201312, 2012\u201313, 2013\u201314, 2014\u201315<br \/>\n\u2022 Ta\u00e7a It\u00e1lia: 2014\u201315<br \/>\n\u2022 Superta\u00e7a de Italiana: 2012, 2013<br \/>\nBayern de Munique<br \/>\n\u2022 Campeonato Alem\u00e3o: 2015\u201316, 2016\u201317, 2017\u201318<br \/>\n\u2022 Ta\u00e7a da Alemanha: 2015\u201316<br \/>\n\u2022 Superta\u00e7a da Alemanha: 2016, 2017<br \/>\nBarcelona<br \/>\n\u2022 Superta\u00e7a de Espanha: 2018<br \/>\n\u2022 Campeonato Espanhol: 2018\u201319<br \/>\nInternazionale<br \/>\n\u2022 Campeonato Italiano: 2020\u201321<br \/>\nSele\u00e7\u00e3o Chilena<br \/>\n\u2022 Copa Am\u00e9rica: 2015, 2016<br \/>\nPr\u00e9mios individuais<br \/>\n\u2022 Medalha Bicentennial: 2012<br \/>\n\u2022 Melhor equipa da Bundesliga: 2010\u201311<br \/>\n\u2022 Melhor equipa da Serie A: 2011\u201312, 2012\u201313<br \/>\n\u2022 57\u00ba melhor jogador do ano de 2012 (The Guardian)<br \/>\n\u2022 Jogador do m\u00eas Serie A: abril de 2013<br \/>\n\u2022 Jogador da temporada Juventus: 2012\u201313<br \/>\n\u2022 Equipe ideal da Copa Am\u00e9rica Centen\u00e1rio[]<br \/>\n\u2022 32\u00ba melhor jogador do ano de 2016 (The Guardian)<br \/>\n\u2022 24\u00ba melhor jogador do ano de 2016 (Marca)<\/p>\n","protected":false},"excerpt":{"rendered":"<p>Poucos s\u00e3o os jogadores de futebol que se podem gabar desta performance. Dentre esta restrita lista de futebolistas esta o m\u00e9dio criativo chileno Arturo Vidal, de 33 anos, que entrou para a hist\u00f3ria ao colecionar para a sua carreira mais uma conquista, desta vez, o 1\u00ba scudetto ao servi\u00e7o do Inter de Mil\u00e3o, depois de [&hellip;]<\/p>\n","protected":false},"author":1,"featured_media":5082,"comment_status":"open","ping_status":"open","sticky":false,"template":"","format":"standard","meta":{"footnotes":""},"categories":[19],"tags":[],"class_list":{"0":"post-5080","1":"post","2":"type-post","3":"status-publish","4":"format-standard","5":"has-post-thumbnail","7":"category-desporto"},"amp_enabled":true,"_links":{"self":[{"href":"https:\/\/tvbelas.com\/tvbelas\/wp-json\/wp\/v2\/posts\/5080","targetHints":{"allow":["GET"]}}],"collection":[{"href":"https:\/\/tvbelas.com\/tvbelas\/wp-json\/wp\/v2\/posts"}],"about":[{"href":"https:\/\/tvbelas.com\/tvbelas\/wp-json\/wp\/v2\/types\/post"}],"author":[{"embeddable":true,"href":"https:\/\/tvbelas.com\/tvbelas\/wp-json\/wp\/v2\/users\/1"}],"replies":[{"embeddable":true,"href":"https:\/\/tvbelas.com\/tvbelas\/wp-json\/wp\/v2\/comments?post=5080"}],"version-history":[{"count":0,"href":"https:\/\/tvbelas.com\/tvbelas\/wp-json\/wp\/v2\/posts\/5080\/revisions"}],"wp:featuredmedia":[{"embeddable":true,"href":"https:\/\/tvbelas.com\/tvbelas\/wp-json\/"}],"wp:attachment":[{"href":"https:\/\/tvbelas.com\/tvbelas\/wp-json\/wp\/v2\/media?parent=5080"}],"wp:term":[{"taxonomy":"category","embeddable":true,"href":"https:\/\/tvbelas.com\/tvbelas\/wp-json\/wp\/v2\/categories?post=5080"},{"taxonomy":"post_tag","embeddable":true,"href":"https:\/\/tvbelas.com\/tvbelas\/wp-json\/wp\/v2\/tags?post=5080"}],"curies":[{"name":"wp","href":"https:\/\/api.w.org\/{rel}","templated":true}]}}