{"id":5108,"date":"2021-05-04T20:06:45","date_gmt":"2021-05-04T19:06:45","guid":{"rendered":"http:\/\/tvbelas.com\/tvbelas\/?p=5108"},"modified":"2021-05-04T20:06:45","modified_gmt":"2021-05-04T19:06:45","slug":"mourinho-vai-regressar-a-italia-para-sr-o-novo-treinador-da-roma","status":"publish","type":"post","link":"https:\/\/tvbelas.com\/tvbelas\/noticias\/desporto\/mourinho-vai-regressar-a-italia-para-sr-o-novo-treinador-da-roma\/","title":{"rendered":"MOURINHO VAI REGRESSAR A IT\u00c1LIA PARA SR O NOVO TREINADOR DA ROMA."},"content":{"rendered":"<p>Jos\u00e9 Mourinho foi anunciado como sucessor de Paulo Fonseca como treinador da Roma, a partir da pr\u00f3xima temporada.<\/p>\n<p>Pouco depois de anunciar a sa\u00edda de Paulo Fonseca no final da \u00e9poca, a Roma anunciou que ser\u00e1 outro portugu\u00eas a liderar a equipa, possibilitando assim o regresso de Jos\u00e9 Mourinho a It\u00e1lia.<\/p>\n<p>O treinador portugu\u00eas foi despedido do Tottenham no dia 19 de abril e est\u00e1 j\u00e1 a trabalhar como comentador na r\u00e1dio brit\u00e2nica TalkSport.<\/p>\n<p>De acordo com o clube romano, Mourinho assinar\u00e1 contrato at\u00e9 junho de 2024.<\/p>\n<p>\u00abEstamos muito contentes e entusiasmados por dar as boas-vindas a Jos\u00e9 Mourinho \u00e0 fam\u00edlia AS Roma. Mourinho \u00e9 um campe\u00e3o que conquistou trof\u00e9us a todos os n\u00edveis e vai garantir uma lideran\u00e7a e experi\u00eancia extraordin\u00e1rias para o nosso ambicioso projeto. A contrata\u00e7\u00e3o representa um grande passo em frente na constru\u00e7\u00e3o de uma mentalidade vencedora, s\u00f3lida e duradoura no nosso Clube\u00bb, referem o presidente Dan Friedkin e o vice-presidente Ryan Friedkin.<\/p>\n","protected":false},"excerpt":{"rendered":"<p>Jos\u00e9 Mourinho foi anunciado como sucessor de Paulo Fonseca como treinador da Roma, a partir da pr\u00f3xima temporada. Pouco depois de anunciar a sa\u00edda de Paulo Fonseca no final da \u00e9poca, a Roma anunciou que ser\u00e1 outro portugu\u00eas a liderar a equipa, possibilitando assim o regresso de Jos\u00e9 Mourinho a It\u00e1lia. O treinador portugu\u00eas foi [&hellip;]<\/p>\n","protected":false},"author":1,"featured_media":5110,"comment_status":"open","ping_status":"open","sticky":false,"template":"","format":"standard","meta":{"footnotes":""},"categories":[19],"tags":[],"class_list":{"0":"post-5108","1":"post","2":"type-post","3":"status-publish","4":"format-standard","5":"has-post-thumbnail","7":"category-desporto"},"amp_enabled":true,"_links":{"self":[{"href":"https:\/\/tvbelas.com\/tvbelas\/wp-json\/wp\/v2\/posts\/5108","targetHints":{"allow":["GET"]}}],"collection":[{"href":"https:\/\/tvbelas.com\/tvbelas\/wp-json\/wp\/v2\/posts"}],"about":[{"href":"https:\/\/tvbelas.com\/tvbelas\/wp-json\/wp\/v2\/types\/post"}],"author":[{"embeddable":true,"href":"https:\/\/tvbelas.com\/tvbelas\/wp-json\/wp\/v2\/users\/1"}],"replies":[{"embeddable":true,"href":"https:\/\/tvbelas.com\/tvbelas\/wp-json\/wp\/v2\/comments?post=5108"}],"version-history":[{"count":0,"href":"https:\/\/tvbelas.com\/tvbelas\/wp-json\/wp\/v2\/posts\/5108\/revisions"}],"wp:featuredmedia":[{"embeddable":true,"href":"https:\/\/tvbelas.com\/tvbelas\/wp-json\/"}],"wp:attachment":[{"href":"https:\/\/tvbelas.com\/tvbelas\/wp-json\/wp\/v2\/media?parent=5108"}],"wp:term":[{"taxonomy":"category","embeddable":true,"href":"https:\/\/tvbelas.com\/tvbelas\/wp-json\/wp\/v2\/categories?post=5108"},{"taxonomy":"post_tag","embeddable":true,"href":"https:\/\/tvbelas.com\/tvbelas\/wp-json\/wp\/v2\/tags?post=5108"}],"curies":[{"name":"wp","href":"https:\/\/api.w.org\/{rel}","templated":true}]}}