{"id":5112,"date":"2021-05-04T20:15:38","date_gmt":"2021-05-04T19:15:38","guid":{"rendered":"http:\/\/tvbelas.com\/tvbelas\/?p=5112"},"modified":"2021-05-04T20:15:38","modified_gmt":"2021-05-04T19:15:38","slug":"messi-devera-deixar-o-barcelona-em-2023","status":"publish","type":"post","link":"https:\/\/tvbelas.com\/tvbelas\/noticias\/desporto\/messi-devera-deixar-o-barcelona-em-2023\/","title":{"rendered":"Messi dever\u00e1 deixar o Barcelona em 2023."},"content":{"rendered":"<p>De acordo com a Esport3, Lionel Messi deu a conhecer a Joan Laporta o plano que tem para o final da carreira. Tudo aconteceu no almo\u00e7o entre os dois na casa do argentino, a 18 de mar\u00e7o, no dia seguinte \u00e0 tomada de posse de Laporta como novo presidente do Barcelona.<br \/>\nRevela esta fonte que o encontro foi \u00abpositivo\u00bb e Messi disse a Laporta que pretende continuar a jogar ao mais alto n\u00edvel durante mais duas temporadas, para depois se mudar para o Inter Miami, clube da MLS que \u00e9 detido por David Beckham.<br \/>\nEste plano de Messi tem por base a data do Mundial-2022, que ser\u00e1 disputado no Qatar em novembro e dezembro de 2022. O avan\u00e7ado quer prepar\u00e1-lo num clube de elite, confirmando, ent\u00e3o, a sa\u00edda de Camp Nou rumo \u00e0 MLS no ver\u00e3o de 2023.<\/p>\n","protected":false},"excerpt":{"rendered":"<p>De acordo com a Esport3, Lionel Messi deu a conhecer a Joan Laporta o plano que tem para o final da carreira. Tudo aconteceu no almo\u00e7o entre os dois na casa do argentino, a 18 de mar\u00e7o, no dia seguinte \u00e0 tomada de posse de Laporta como novo presidente do Barcelona. Revela esta fonte que [&hellip;]<\/p>\n","protected":false},"author":1,"featured_media":5114,"comment_status":"open","ping_status":"open","sticky":false,"template":"","format":"standard","meta":{"footnotes":""},"categories":[19],"tags":[],"class_list":{"0":"post-5112","1":"post","2":"type-post","3":"status-publish","4":"format-standard","5":"has-post-thumbnail","7":"category-desporto"},"amp_enabled":true,"_links":{"self":[{"href":"https:\/\/tvbelas.com\/tvbelas\/wp-json\/wp\/v2\/posts\/5112","targetHints":{"allow":["GET"]}}],"collection":[{"href":"https:\/\/tvbelas.com\/tvbelas\/wp-json\/wp\/v2\/posts"}],"about":[{"href":"https:\/\/tvbelas.com\/tvbelas\/wp-json\/wp\/v2\/types\/post"}],"author":[{"embeddable":true,"href":"https:\/\/tvbelas.com\/tvbelas\/wp-json\/wp\/v2\/users\/1"}],"replies":[{"embeddable":true,"href":"https:\/\/tvbelas.com\/tvbelas\/wp-json\/wp\/v2\/comments?post=5112"}],"version-history":[{"count":0,"href":"https:\/\/tvbelas.com\/tvbelas\/wp-json\/wp\/v2\/posts\/5112\/revisions"}],"wp:featuredmedia":[{"embeddable":true,"href":"https:\/\/tvbelas.com\/tvbelas\/wp-json\/"}],"wp:attachment":[{"href":"https:\/\/tvbelas.com\/tvbelas\/wp-json\/wp\/v2\/media?parent=5112"}],"wp:term":[{"taxonomy":"category","embeddable":true,"href":"https:\/\/tvbelas.com\/tvbelas\/wp-json\/wp\/v2\/categories?post=5112"},{"taxonomy":"post_tag","embeddable":true,"href":"https:\/\/tvbelas.com\/tvbelas\/wp-json\/wp\/v2\/tags?post=5112"}],"curies":[{"name":"wp","href":"https:\/\/api.w.org\/{rel}","templated":true}]}}