{"id":5118,"date":"2021-05-04T20:42:41","date_gmt":"2021-05-04T19:42:41","guid":{"rendered":"http:\/\/tvbelas.com\/tvbelas\/?p=5118"},"modified":"2021-05-04T20:42:41","modified_gmt":"2021-05-04T19:42:41","slug":"o-treinador-portugues-paulo-duarte-vai-deixar-no-final-da-epoca-o-1-o-de-agosto-para-orientar-a-seleccao-do-togo","status":"publish","type":"post","link":"https:\/\/tvbelas.com\/tvbelas\/noticias\/desporto\/o-treinador-portugues-paulo-duarte-vai-deixar-no-final-da-epoca-o-1-o-de-agosto-para-orientar-a-seleccao-do-togo\/","title":{"rendered":"O TREINADOR PORTUGUES PAULO DUARTE VAI DEIXAR NO FINAL DA \u00c9POCA O 1.\u00ba DE AGOSTO PARA ORIENTAR A SELEC\u00c7\u00c3O DO TOGO."},"content":{"rendered":"<p>Depois de toda especula\u00e7\u00e3o foi o pr\u00f3prio t\u00e9cnico portugu\u00eas Paulo Duarte quem confirmou esta quarta feira nas p\u00e1ginas do clube militar que vai deixa o 1.\u00ba de Agosto em Setembro pr\u00f3ximo para treinar a selec\u00e7\u00e3o nacional de futebol do Togo, que participa nas eliminat\u00f3rias de acesso ao Campeonato do Mundo em 2022, no Qatar.<\/p>\n<p>Na sua declara\u00e7\u00e3o invocou raz\u00f5es familiares para tomar tal decis\u00e3o, referindo que \u201ctreinado uma selec\u00e7\u00e3o teria uma margem maior de manobra para atender \u00e1s quest\u00f5es particulares, coisa que num clube \u00e9 mais dif\u00edcil\u201d.<br \/>\nA sua mudan\u00e7a foi anunciado segunda-feira pelo presidente da Federa\u00e7\u00e3o Togolesa da modalidade, Guy Akpovy, durante uma confer\u00eancia de imprensa, sem adiantar o periodo de contrato.<br \/>\nPaulo Duarte substituir\u00e1 o treinador Franc\u00eas Claude Le Roy, demitido por ter falhado a qualifica\u00e7\u00e3o ao Campeonato Africano das Na\u00e7\u00f5es em 2022, nos Camar\u00f5es.<br \/>\nEnquanto se espera pelo actual t\u00e9cnico do tetracampe\u00e3o angolano, de 52 anos de idade, o combinado da terra do ponta-de-lan\u00e7a Emmanuel Adebayor ser\u00e1 orietado pelo local, Jonas Kokou.<br \/>\nO portugu\u00eas tem no curr\u00edculo passagens pela Uni\u00e3o de Leiria e Le Mas, de Fran\u00e7a, e j\u00e1 orientou as sele\u00e7\u00f5es do Gab\u00e3o e do Burkina Faso, ao servi\u00e7o desta \u00faltima conquistou a medalha de bronze no Campeonato Africano das Na\u00e7\u00f5es, em 2017.<br \/>\nContratado em Setembro de 2020 por um ano e mais um opcional, sob seu comando o 1.\u00ba de Agosto lidera o Campeonato Nacional com 39 pontos, no c\u00f4mputo de 17\u00aa jornadas.<\/p>\n","protected":false},"excerpt":{"rendered":"<p>Depois de toda especula\u00e7\u00e3o foi o pr\u00f3prio t\u00e9cnico portugu\u00eas Paulo Duarte quem confirmou esta quarta feira nas p\u00e1ginas do clube militar que vai deixa o 1.\u00ba de Agosto em Setembro pr\u00f3ximo para treinar a selec\u00e7\u00e3o nacional de futebol do Togo, que participa nas eliminat\u00f3rias de acesso ao Campeonato do Mundo em 2022, no Qatar. Na [&hellip;]<\/p>\n","protected":false},"author":1,"featured_media":5106,"comment_status":"open","ping_status":"open","sticky":false,"template":"","format":"standard","meta":{"footnotes":""},"categories":[19],"tags":[],"class_list":{"0":"post-5118","1":"post","2":"type-post","3":"status-publish","4":"format-standard","5":"has-post-thumbnail","7":"category-desporto"},"amp_enabled":true,"_links":{"self":[{"href":"https:\/\/tvbelas.com\/tvbelas\/wp-json\/wp\/v2\/posts\/5118","targetHints":{"allow":["GET"]}}],"collection":[{"href":"https:\/\/tvbelas.com\/tvbelas\/wp-json\/wp\/v2\/posts"}],"about":[{"href":"https:\/\/tvbelas.com\/tvbelas\/wp-json\/wp\/v2\/types\/post"}],"author":[{"embeddable":true,"href":"https:\/\/tvbelas.com\/tvbelas\/wp-json\/wp\/v2\/users\/1"}],"replies":[{"embeddable":true,"href":"https:\/\/tvbelas.com\/tvbelas\/wp-json\/wp\/v2\/comments?post=5118"}],"version-history":[{"count":0,"href":"https:\/\/tvbelas.com\/tvbelas\/wp-json\/wp\/v2\/posts\/5118\/revisions"}],"wp:featuredmedia":[{"embeddable":true,"href":"https:\/\/tvbelas.com\/tvbelas\/wp-json\/"}],"wp:attachment":[{"href":"https:\/\/tvbelas.com\/tvbelas\/wp-json\/wp\/v2\/media?parent=5118"}],"wp:term":[{"taxonomy":"category","embeddable":true,"href":"https:\/\/tvbelas.com\/tvbelas\/wp-json\/wp\/v2\/categories?post=5118"},{"taxonomy":"post_tag","embeddable":true,"href":"https:\/\/tvbelas.com\/tvbelas\/wp-json\/wp\/v2\/tags?post=5118"}],"curies":[{"name":"wp","href":"https:\/\/api.w.org\/{rel}","templated":true}]}}