{"id":5284,"date":"2021-05-18T12:40:06","date_gmt":"2021-05-18T11:40:06","guid":{"rendered":"http:\/\/tvbelas.com\/tvbelas\/?p=5284"},"modified":"2021-05-18T12:40:06","modified_gmt":"2021-05-18T11:40:06","slug":"ja-sao-conhecidas-as-selecionadas-para-missao-africano-de-andebol-camaroes-2021","status":"publish","type":"post","link":"https:\/\/tvbelas.com\/tvbelas\/noticias\/desporto\/ja-sao-conhecidas-as-selecionadas-para-missao-africano-de-andebol-camaroes-2021\/","title":{"rendered":"J\u00e1 s\u00e3o conhecidas as selecionadas para miss\u00e3o, africano de andebol Camar\u00f5es 2021"},"content":{"rendered":"<p>J\u00e1 s\u00e3o conhecidas as selecionadas para miss\u00e3o, africano de andebol Camar\u00f5es 2021<\/p>\n<p>Eis as eleitas.<\/p>\n<p>Guarda-redes<\/p>\n<p>Teresa Almeida B\u00e1, Helena de Sousa,<\/p>\n<p>Paulina Bazolau da Silva.<\/p>\n<p>Piv\u00f4ts<\/p>\n<p>Albertina Kassoma<\/p>\n<p>Liliana Ven\u00e2ncio, Helena Paulo<\/p>\n<p>Centrais<\/p>\n<p>Helena Paulo<\/p>\n<p>Isabel Guialo<\/p>\n<p>Mar\u00edlia Quizelete<\/p>\n<p>Pontas direitas<\/p>\n<p>Juliana Jos\u00e9 Machado<\/p>\n<p>Carolina Morais<\/p>\n<p>Nat\u00e1lia Fonseca<\/p>\n<p>Ponta esquerdo<\/p>\n<p>Vilma Da Silva<\/p>\n<p>\u00d1at\u00e1lia Dos Santos<\/p>\n<p>Dalva Peres<\/p>\n<p>Laterais direito<\/p>\n<p>Wuta Waco Dombaxe<\/p>\n<p>Azenaide Carlos<\/p>\n<p>Laterais Esquerdo<\/p>\n<p>Stelvia Pascoal<\/p>\n<p>Magda Cazanga<\/p>\n<p>o selecionador nacional de andebol programou um est\u00e1gio pr\u00e9-competitivo para a Pol\u00f3nia, de dez dias, mas em caso de n\u00e3o se efectivar, por causa da Covid-19, tamb\u00e9m j\u00e1 est\u00e3o acionados os planos A, B e C.<\/p>\n<p>Angola vai participar no Africano de Yound\u00e9, na Rep\u00fablica Unida dos Camar\u00f5es, e nos Jogos Ol\u00edmpicos de T\u00f3quio, no Jap\u00e3o. No africano dos Camar\u00f5es, Angola faz parte do Grupo C, ao lado das sele\u00e7\u00f5es de Cabo-Verde, advers\u00e1ria de estreia, Congo e Arg\u00e9lia.<\/p>\n<p>&nbsp;<\/p>\n<p><iframe loading=\"lazy\"  id=\"_ytid_50521\"  width=\"800\" height=\"450\"  data-origwidth=\"800\" data-origheight=\"450\" src=\"https:\/\/www.youtube.com\/embed\/fFJvvanj_3k?enablejsapi=1&#038;autoplay=0&#038;cc_load_policy=0&#038;cc_lang_pref=&#038;iv_load_policy=1&#038;loop=0&#038;rel=1&#038;fs=1&#038;playsinline=0&#038;autohide=2&#038;theme=dark&#038;color=red&#038;controls=1&#038;\" class=\"__youtube_prefs__  epyt-is-override  no-lazyload\" title=\"YouTube player\"  allow=\"fullscreen; accelerometer; autoplay; clipboard-write; encrypted-media; gyroscope; picture-in-picture\" allowfullscreen data-no-lazy=\"1\" data-skipgform_ajax_framebjll=\"\"><\/iframe><\/p>\n","protected":false},"excerpt":{"rendered":"<p>J\u00e1 s\u00e3o conhecidas as selecionadas para miss\u00e3o, africano de andebol Camar\u00f5es 2021 Eis as eleitas. Guarda-redes Teresa Almeida B\u00e1, Helena de Sousa, Paulina Bazolau da Silva. Piv\u00f4ts Albertina Kassoma Liliana Ven\u00e2ncio, Helena Paulo Centrais Helena Paulo Isabel Guialo Mar\u00edlia Quizelete Pontas direitas Juliana Jos\u00e9 Machado Carolina Morais Nat\u00e1lia Fonseca Ponta esquerdo Vilma Da Silva \u00d1at\u00e1lia [&hellip;]<\/p>\n","protected":false},"author":1,"featured_media":5286,"comment_status":"open","ping_status":"open","sticky":false,"template":"","format":"standard","meta":{"footnotes":""},"categories":[19],"tags":[],"class_list":{"0":"post-5284","1":"post","2":"type-post","3":"status-publish","4":"format-standard","5":"has-post-thumbnail","7":"category-desporto"},"amp_enabled":true,"_links":{"self":[{"href":"https:\/\/tvbelas.com\/tvbelas\/wp-json\/wp\/v2\/posts\/5284","targetHints":{"allow":["GET"]}}],"collection":[{"href":"https:\/\/tvbelas.com\/tvbelas\/wp-json\/wp\/v2\/posts"}],"about":[{"href":"https:\/\/tvbelas.com\/tvbelas\/wp-json\/wp\/v2\/types\/post"}],"author":[{"embeddable":true,"href":"https:\/\/tvbelas.com\/tvbelas\/wp-json\/wp\/v2\/users\/1"}],"replies":[{"embeddable":true,"href":"https:\/\/tvbelas.com\/tvbelas\/wp-json\/wp\/v2\/comments?post=5284"}],"version-history":[{"count":0,"href":"https:\/\/tvbelas.com\/tvbelas\/wp-json\/wp\/v2\/posts\/5284\/revisions"}],"wp:featuredmedia":[{"embeddable":true,"href":"https:\/\/tvbelas.com\/tvbelas\/wp-json\/"}],"wp:attachment":[{"href":"https:\/\/tvbelas.com\/tvbelas\/wp-json\/wp\/v2\/media?parent=5284"}],"wp:term":[{"taxonomy":"category","embeddable":true,"href":"https:\/\/tvbelas.com\/tvbelas\/wp-json\/wp\/v2\/categories?post=5284"},{"taxonomy":"post_tag","embeddable":true,"href":"https:\/\/tvbelas.com\/tvbelas\/wp-json\/wp\/v2\/tags?post=5284"}],"curies":[{"name":"wp","href":"https:\/\/api.w.org\/{rel}","templated":true}]}}