{"id":5296,"date":"2021-05-18T19:54:08","date_gmt":"2021-05-18T18:54:08","guid":{"rendered":"http:\/\/tvbelas.com\/tvbelas\/?p=5296"},"modified":"2021-05-18T19:54:08","modified_gmt":"2021-05-18T18:54:08","slug":"joao-lourenco-reune-se-com-emmanuel-macron-em-paris","status":"publish","type":"post","link":"https:\/\/tvbelas.com\/tvbelas\/noticias\/politica-angola\/joao-lourenco-reune-se-com-emmanuel-macron-em-paris\/","title":{"rendered":"Jo\u00e3o Louren\u00e7o re\u00fane-se com Emmanuel Macron em Paris"},"content":{"rendered":"<p style=\"background: white;\"><span style=\"font-size: 15.0pt; font-family: 'Segoe UI','sans-serif'; color: #333333;\">O chefe de Estado angolano foi recebido, na manh\u00e3 de hoje, no Pal\u00e1cio do Eliseu pelo Presidente franc\u00eas, Emmanuel Macron, para analisar &#8220;quest\u00f5es bilaterais e regionais&#8221;.\u00a0\u00a0Esta tarde, Jo\u00e3o Louren\u00e7o participou na Cimeira\u00a0para o Financiamento das Economias Africanas.<\/span><\/p>\n<p style=\"background: white; box-sizing: border-box; margin: 1.9rem; font-variant-ligatures: normal; font-variant-caps: normal; orphans: 2; text-align: start; widows: 2; -webkit-text-stroke-width: 0px; text-decoration-thickness: initial; text-decoration-style: initial; text-decoration-color: initial; word-spacing: 0px;\"><span style=\"font-size: 15.0pt; font-family: 'Segoe UI','sans-serif'; color: #333333;\">Na desloca\u00e7\u00e3o a Paris, Jo\u00e3o Louren\u00e7o faz-se acompanhar pelo ministro das Rela\u00e7\u00f5es Exteriores, T\u00e9te Ant\u00f3nio, e pela respons\u00e1vel da pasta das Finan\u00e7as, Vera Esperan\u00e7a dos Santos Daves de Sousa.<\/span><\/p>\n<p style=\"background: white; box-sizing: border-box; margin: 1.9rem; font-variant-ligatures: normal; font-variant-caps: normal; orphans: 2; text-align: start; widows: 2; -webkit-text-stroke-width: 0px; text-decoration-thickness: initial; text-decoration-style: initial; text-decoration-color: initial; word-spacing: 0px;\"><span style=\"font-size: 15.0pt; font-family: 'Segoe UI','sans-serif'; color: #333333;\">O ministro das Rela\u00e7\u00f5es Exteriores angolano, T\u00e9te Ant\u00f3nio,\u00a0refere que esta cimeira pretende encontrar uma solu\u00e7\u00e3o global para a crise econ\u00f3mica que se vive no continente africano, afectado pela pandemia de covid-19.\u00a0<\/span><\/p>\n<p style=\"background: white; box-sizing: border-box; margin: 1.9rem; font-variant-ligatures: normal; font-variant-caps: normal; orphans: 2; text-align: start; widows: 2; -webkit-text-stroke-width: 0px; text-decoration-thickness: initial; text-decoration-style: initial; text-decoration-color: initial; word-spacing: 0px;\"><strong style=\"box-sizing: border-box;\"><span style=\"font-size: 15.0pt; font-family: 'Segoe UI','sans-serif'; color: #333333;\">\u201cO esp\u00edrito em agir como um colectivo. Fazermos com que \u00c1frica saia com alguma solu\u00e7\u00e3o, relativamente \u00e0s consequ\u00eancias desta crise. \u00c9 preciso pensar num novo modelo de desenvolvimento sustent\u00e1vel para podermos fazer face a isto\u201d<\/span><\/strong><span style=\"font-size: 15.0pt; font-family: 'Segoe UI','sans-serif'; color: #333333;\">.\u00a0<\/span><\/p>\n<p style=\"background: white; box-sizing: border-box; margin: 1.9rem; font-variant-ligatures: normal; font-variant-caps: normal; orphans: 2; text-align: start; widows: 2; -webkit-text-stroke-width: 0px; text-decoration-thickness: initial; text-decoration-style: initial; text-decoration-color: initial; word-spacing: 0px;\"><span style=\"font-size: 15.0pt; font-family: 'Segoe UI','sans-serif'; color: #333333;\">A cimeira pretende criar um &#8220;pacote de ajuda massiva&#8221; para o continente africano e, ao mesmo tempo, lan\u00e7ar as bases de um novo ciclo de crescimento, que passa pelo apoio ao sector privado.\u00a0\u00a0<\/span><\/p>\n<p style=\"background: white; box-sizing: border-box; margin: 1.9rem; font-variant-ligatures: normal; font-variant-caps: normal; orphans: 2; text-align: start; widows: 2; -webkit-text-stroke-width: 0px; text-decoration-thickness: initial; text-decoration-style: initial; text-decoration-color: initial; word-spacing: 0px;\"><span style=\"font-size: 15.0pt; font-family: 'Segoe UI','sans-serif'; color: #333333;\">Os pa\u00edses africanos precisam de resolver o problema da liquidez das economias, mas ao contr\u00e1rio das grandes pot\u00eancias, eles n\u00e3o t\u00eam as mesmas capacidades. A cimeira de Paris deve, nomeadamente, examinar as decis\u00f5es da comunidade internacional sobre os Direitos de Tiragem Especial-DTS.<\/span><\/p>\n<p style=\"background: white; box-sizing: border-box; margin: 1.9rem; font-variant-ligatures: normal; font-variant-caps: normal; orphans: 2; text-align: start; widows: 2; -webkit-text-stroke-width: 0px; text-decoration-thickness: initial; text-decoration-style: initial; text-decoration-color: initial; word-spacing: 0px;\"><span style=\"font-size: 15.0pt; font-family: 'Segoe UI','sans-serif'; color: #333333;\">A ideia do Presidente Emmanuel Macron e de outros dirigentes \u00e9 de alocar os Direitos de Tiragem Especial &#8211; uma ajuda do FMI concedida aos pa\u00edses em termos de liquidez e que se podem aplicar em tempos de crise &#8211; e fornec\u00ea-los aos pa\u00edses mais pobres.<\/span><\/p>\n<p style=\"background: white; box-sizing: border-box; margin: 1.9rem; font-variant-ligatures: normal; font-variant-caps: normal; orphans: 2; text-align: start; widows: 2; -webkit-text-stroke-width: 0px; text-decoration-thickness: initial; text-decoration-style: initial; text-decoration-color: initial; word-spacing: 0px;\"><span style=\"font-size: 15.0pt; font-family: 'Segoe UI','sans-serif'; color: #333333;\">Os pa\u00edses africanos podem aceder ao m\u00e1ximo desses Direitos de Tiragem Especial, em fun\u00e7\u00e3o das suas economias que,\u00a0neste caso, seriam cerca de 34 mil milh\u00f5es de d\u00f3lares.<\/span><\/p>\n<p style=\"background: white; box-sizing: border-box; margin: 1.9rem; font-variant-ligatures: normal; font-variant-caps: normal; orphans: 2; text-align: start; widows: 2; -webkit-text-stroke-width: 0px; text-decoration-thickness: initial; text-decoration-style: initial; text-decoration-color: initial; word-spacing: 0px;\"><span style=\"font-size: 15.0pt; font-family: 'Segoe UI','sans-serif'; color: #333333;\">O antigo secret\u00e1rio executivo da Comiss\u00e3o Econ\u00f3mica das Na\u00e7\u00f5es Unidas para \u00c1frica, Carlos Lopes, diz que estas medidas n\u00e3o v\u00e3o resolver os problemas de fundo do continente, que precisaria de 200 mil milh\u00f5es de d\u00f3lares para poder voltar ao n\u00edvel de actividade econ\u00f3mica que existia antes da crise.<\/span><\/p>\n","protected":false},"excerpt":{"rendered":"<p>O chefe de Estado angolano foi recebido, na manh\u00e3 de hoje, no Pal\u00e1cio do Eliseu pelo Presidente franc\u00eas, Emmanuel Macron, para analisar &#8220;quest\u00f5es bilaterais e regionais&#8221;.\u00a0\u00a0Esta tarde, Jo\u00e3o Louren\u00e7o participou na Cimeira\u00a0para o Financiamento das Economias Africanas. Na desloca\u00e7\u00e3o a Paris, Jo\u00e3o Louren\u00e7o faz-se acompanhar pelo ministro das Rela\u00e7\u00f5es Exteriores, T\u00e9te Ant\u00f3nio, e pela respons\u00e1vel [&hellip;]<\/p>\n","protected":false},"author":1,"featured_media":5298,"comment_status":"open","ping_status":"open","sticky":false,"template":"","format":"standard","meta":{"footnotes":""},"categories":[12],"tags":[],"class_list":{"0":"post-5296","1":"post","2":"type-post","3":"status-publish","4":"format-standard","5":"has-post-thumbnail","7":"category-politica-angola"},"amp_enabled":true,"_links":{"self":[{"href":"https:\/\/tvbelas.com\/tvbelas\/wp-json\/wp\/v2\/posts\/5296","targetHints":{"allow":["GET"]}}],"collection":[{"href":"https:\/\/tvbelas.com\/tvbelas\/wp-json\/wp\/v2\/posts"}],"about":[{"href":"https:\/\/tvbelas.com\/tvbelas\/wp-json\/wp\/v2\/types\/post"}],"author":[{"embeddable":true,"href":"https:\/\/tvbelas.com\/tvbelas\/wp-json\/wp\/v2\/users\/1"}],"replies":[{"embeddable":true,"href":"https:\/\/tvbelas.com\/tvbelas\/wp-json\/wp\/v2\/comments?post=5296"}],"version-history":[{"count":0,"href":"https:\/\/tvbelas.com\/tvbelas\/wp-json\/wp\/v2\/posts\/5296\/revisions"}],"wp:featuredmedia":[{"embeddable":true,"href":"https:\/\/tvbelas.com\/tvbelas\/wp-json\/"}],"wp:attachment":[{"href":"https:\/\/tvbelas.com\/tvbelas\/wp-json\/wp\/v2\/media?parent=5296"}],"wp:term":[{"taxonomy":"category","embeddable":true,"href":"https:\/\/tvbelas.com\/tvbelas\/wp-json\/wp\/v2\/categories?post=5296"},{"taxonomy":"post_tag","embeddable":true,"href":"https:\/\/tvbelas.com\/tvbelas\/wp-json\/wp\/v2\/tags?post=5296"}],"curies":[{"name":"wp","href":"https:\/\/api.w.org\/{rel}","templated":true}]}}