{"id":5300,"date":"2021-05-18T20:02:51","date_gmt":"2021-05-18T19:02:51","guid":{"rendered":"http:\/\/tvbelas.com\/tvbelas\/?p=5300"},"modified":"2021-05-18T20:02:51","modified_gmt":"2021-05-18T19:02:51","slug":"a-visita-de-um-presidente-portugues-e-mais-importante-que-a-visita-de-um-presidente-europeu-ou-americano","status":"publish","type":"post","link":"https:\/\/tvbelas.com\/tvbelas\/noticias\/internacional\/a-visita-de-um-presidente-portugues-e-mais-importante-que-a-visita-de-um-presidente-europeu-ou-americano\/","title":{"rendered":"&#8220;A visita de um Presidente portugu\u00eas \u00e9 mais importante que a visita de um Presidente europeu ou americano&#8221;"},"content":{"rendered":"<p><strong>O chefe de Estado da Guin\u00e9-Bissau, Umaro Sissoco Embal\u00f3, disse esta ter\u00e7a-feira que a visita de um Presidente portugu\u00eas \u00e9 mais importante que a de um europeu ou norte-americano, como Joe Biden.<\/strong><\/p>\n<p>&#8220;A visita de um Presidente portugu\u00eas \u00e9 mais importante que a visita de um Presidente europeu ou americano. N\u00e3o \u00e9 a quest\u00e3o de um pa\u00eds que me vem dar mais dinheiro, \u00e9 amizade, \u00e9 aproxima\u00e7\u00e3o. \u00c9 mais importante que a visita de Joe Biden [Presidente dos Estados Unidos] e digo isto de cora\u00e7\u00e3o&#8221;, afirmou Umaro Sissoco Embalo, na declara\u00e7\u00e3o \u00e0 comunica\u00e7\u00e3o social acompanhado pelo seu hom\u00f3logo portugu\u00eas, Marcelo Rebelo de Sousa.<\/p>\n<p>O Presidente portugu\u00eas iniciou segunda-feira uma visita oficial ao pa\u00eds, que termina hoje.<\/p>\n<ul>\n<li><strong><a href=\"https:\/\/sicnoticias.pt\/pais\/2021-05-18-Saudado-por-milhares-de-pessoas-Marcelo-demorou-2-horas-a-percorrer-8-quilometros-na-Guine-Bissau-7dca6346\" data-id=\"62\" data-m=\"{&quot;i&quot;:62,&quot;p&quot;:59,&quot;n&quot;:&quot;partnerLink&quot;,&quot;y&quot;:24,&quot;o&quot;:3}\">Saudado por milhares de pessoas, Marcelo demorou 2 horas a percorrer 8 quil\u00f3metros na Guin\u00e9-Bissau<\/a><\/strong><\/li>\n<li><strong><a href=\"https:\/\/sicnoticias.pt\/pais\/2021-05-18-Marcelo-responde-as-criticas-sobre-visita-a-Guine-Bissau-a32b2f10\" data-id=\"63\" data-m=\"{&quot;i&quot;:63,&quot;p&quot;:59,&quot;n&quot;:&quot;partnerLink&quot;,&quot;y&quot;:24,&quot;o&quot;:4}\">Marcelo responde \u00e0s cr\u00edticas sobre visita \u00e0 Guin\u00e9-Bissau<\/a><\/strong><\/li>\n<\/ul>\n<p><strong><em>&#8220;O senhor Presidente viu a express\u00e3o do povo&#8221;<\/em><\/strong>, salientou Umaro Sissoco Embal\u00f3, referindo-se \u00e0 multid\u00e3o que recebeu segunda-feira Marcelo Rebelo de Sousa, em Bissau.<\/p>\n<p>Na declara\u00e7\u00e3o, o Presidente guineense salientou que a &#8220;visita superou todas as expectativas&#8221; e que as rela\u00e7\u00f5es entre os dois pa\u00edses &#8220;ficaram ainda mais pr\u00f3ximas&#8221;.<\/p>\n<p>&#8220;Quero reafirmar que o povo guineense e o povo portugu\u00eas s\u00e3o unidos e continuaremos a ser unidos&#8221;, frisou.<\/p>\n<p>O anterior Presidente portugu\u00eas a realizar uma visita oficial \u00e0 Guin\u00e9-Bissau tinha sido M\u00e1rio Soares, em 1989, h\u00e1 31 anos e seis meses.<\/p>\n","protected":false},"excerpt":{"rendered":"<p>O chefe de Estado da Guin\u00e9-Bissau, Umaro Sissoco Embal\u00f3, disse esta ter\u00e7a-feira que a visita de um Presidente portugu\u00eas \u00e9 mais importante que a de um europeu ou norte-americano, como Joe Biden. &#8220;A visita de um Presidente portugu\u00eas \u00e9 mais importante que a visita de um Presidente europeu ou americano. N\u00e3o \u00e9 a quest\u00e3o de [&hellip;]<\/p>\n","protected":false},"author":1,"featured_media":5302,"comment_status":"open","ping_status":"open","sticky":false,"template":"","format":"standard","meta":{"footnotes":""},"categories":[22],"tags":[],"class_list":{"0":"post-5300","1":"post","2":"type-post","3":"status-publish","4":"format-standard","5":"has-post-thumbnail","7":"category-internacional"},"amp_enabled":true,"_links":{"self":[{"href":"https:\/\/tvbelas.com\/tvbelas\/wp-json\/wp\/v2\/posts\/5300","targetHints":{"allow":["GET"]}}],"collection":[{"href":"https:\/\/tvbelas.com\/tvbelas\/wp-json\/wp\/v2\/posts"}],"about":[{"href":"https:\/\/tvbelas.com\/tvbelas\/wp-json\/wp\/v2\/types\/post"}],"author":[{"embeddable":true,"href":"https:\/\/tvbelas.com\/tvbelas\/wp-json\/wp\/v2\/users\/1"}],"replies":[{"embeddable":true,"href":"https:\/\/tvbelas.com\/tvbelas\/wp-json\/wp\/v2\/comments?post=5300"}],"version-history":[{"count":0,"href":"https:\/\/tvbelas.com\/tvbelas\/wp-json\/wp\/v2\/posts\/5300\/revisions"}],"wp:featuredmedia":[{"embeddable":true,"href":"https:\/\/tvbelas.com\/tvbelas\/wp-json\/"}],"wp:attachment":[{"href":"https:\/\/tvbelas.com\/tvbelas\/wp-json\/wp\/v2\/media?parent=5300"}],"wp:term":[{"taxonomy":"category","embeddable":true,"href":"https:\/\/tvbelas.com\/tvbelas\/wp-json\/wp\/v2\/categories?post=5300"},{"taxonomy":"post_tag","embeddable":true,"href":"https:\/\/tvbelas.com\/tvbelas\/wp-json\/wp\/v2\/tags?post=5300"}],"curies":[{"name":"wp","href":"https:\/\/api.w.org\/{rel}","templated":true}]}}