{"id":5306,"date":"2021-05-19T14:19:39","date_gmt":"2021-05-19T13:19:39","guid":{"rendered":"http:\/\/tvbelas.com\/tvbelas\/?p=5306"},"modified":"2021-05-19T14:19:39","modified_gmt":"2021-05-19T13:19:39","slug":"angola-vai-produzir-vacinas-contra-a-covid-19","status":"publish","type":"post","link":"https:\/\/tvbelas.com\/tvbelas\/noticias\/saude\/angola-vai-produzir-vacinas-contra-a-covid-19\/","title":{"rendered":"Angola vai produzir vacinas contra a covid-19."},"content":{"rendered":"<p><span style=\"font-family: 'Open Sans',sans-serif; color: black;\">Angola pode assumir um papel fundamental na produ\u00e7\u00e3o de vacinas em \u00c1frica. O governo de Luanda participou na Cimeira sobre a economia do continente, que decorreu em Fran\u00e7a, e tamb\u00e9m defendeu uma mudan\u00e7a na estrat\u00e9gia de produ\u00e7\u00e3o dos f\u00e1rmacos para combater a covid-19.<\/span><\/p>\n<p style=\"box-sizing: inherit; margin: 1.2rem; vertical-align: initial; line-height: 1.55rem; text-rendering: optimizelegibility; font-variant-ligatures: normal; font-variant-caps: normal; orphans: 2; text-align: start; widows: 2; -webkit-text-stroke-width: 0px; text-decoration-thickness: initial; text-decoration-style: initial; text-decoration-color: initial; word-spacing: 0px;\"><span style=\"font-family: 'Open Sans',sans-serif; color: black;\">Em entrevista \u00e0 Euronews, a ministra das Finan\u00e7as angolana, Vera Daves de Sousa, explicou que &#8220;foi lan\u00e7ado o mote para que se reflita em torno de se abrir m\u00e3o das licen\u00e7as intelectuais (das vacinas) para que seja poss\u00edvel deslocalizar tecnologia e conhecimento para algumas regi\u00f5es de \u00c1frica, para assim, com produ\u00e7\u00e3o local, se conseguir atender melhor a procura&#8221;. Questionada sobre a possibilidade de produzir vacinas no territ\u00f3rio angolano, a ministra afirmou que \u00e9 necess\u00e1rio &#8220;fazer uma auto-avalia\u00e7\u00e3o da nossa capacidade de acolher e das equipas para receber essa passagem de conhecimento. N\u00e3o descartamos essa possibilidade&#8221;.<\/span><\/p>\n<p style=\"box-sizing: inherit; margin: 1.2rem; vertical-align: initial; line-height: 1.55rem; text-rendering: optimizelegibility; font-variant-ligatures: normal; font-variant-caps: normal; orphans: 2; text-align: start; widows: 2; -webkit-text-stroke-width: 0px; text-decoration-thickness: initial; text-decoration-style: initial; text-decoration-color: initial; word-spacing: 0px;\"><span style=\"font-family: 'Open Sans',sans-serif; color: black;\">Sublinhando a necessidade de solidariedade global, na Cimeira de Paris ficou definido um primeiro apoio financeiro aos pa\u00edses africanos, avaliado em trinta e tr\u00eas mil milh\u00f5es de d\u00f3lares.<\/span><\/p>\n<p style=\"box-sizing: inherit; margin: 1.2rem; vertical-align: initial; line-height: 1.55rem; text-rendering: optimizelegibility; font-variant-ligatures: normal; font-variant-caps: normal; orphans: 2; text-align: start; widows: 2; -webkit-text-stroke-width: 0px; text-decoration-thickness: initial; text-decoration-style: initial; text-decoration-color: initial; word-spacing: 0px;\"><span style=\"font-family: 'Open Sans',sans-serif; color: black;\">Cimeira de Paris reuniu dezenas de l\u00edderes africanos e europeus, bem como respons\u00e1veis de organiza\u00e7\u00f5es internacionais. O objetivo deste encontro era promover discuss\u00f5es e encontrar solu\u00e7\u00f5es para o financiamento das economias africanos.<\/span><\/p>\n<p style=\"box-sizing: inherit; margin: 1.2rem; vertical-align: initial; line-height: 1.55rem; text-rendering: optimizelegibility; font-variant-ligatures: normal; font-variant-caps: normal; orphans: 2; text-align: start; widows: 2; -webkit-text-stroke-width: 0px; text-decoration-thickness: initial; text-decoration-style: initial; text-decoration-color: initial; word-spacing: 0px;\"><span style=\"font-family: 'Open Sans',sans-serif; color: black;\">A pandemia de covid-19 provocou, pelo menos, 3.391.849 mortos no mundo, resultantes de mais de 163,5 milh\u00f5es de casos de infe\u00e7\u00e3o, segundo um balan\u00e7o feito pela ag\u00eancia francesa AFP.<\/span><\/p>\n<p style=\"box-sizing: inherit; margin: 1.2rem; vertical-align: initial; line-height: 1.55rem; text-rendering: optimizelegibility; font-variant-ligatures: normal; font-variant-caps: normal; orphans: 2; text-align: start; widows: 2; -webkit-text-stroke-width: 0px; text-decoration-thickness: initial; text-decoration-style: initial; text-decoration-color: initial; word-spacing: 0px;\"><span style=\"font-family: 'Open Sans',sans-serif; color: black;\">\u00c1frica contabiliza 126.447 \u00f3bitos e 4.692.520 casos desde o in\u00edcio da pandemia.<\/span><\/p>\n","protected":false},"excerpt":{"rendered":"<p>Angola pode assumir um papel fundamental na produ\u00e7\u00e3o de vacinas em \u00c1frica. O governo de Luanda participou na Cimeira sobre a economia do continente, que decorreu em Fran\u00e7a, e tamb\u00e9m defendeu uma mudan\u00e7a na estrat\u00e9gia de produ\u00e7\u00e3o dos f\u00e1rmacos para combater a covid-19. Em entrevista \u00e0 Euronews, a ministra das Finan\u00e7as angolana, Vera Daves de [&hellip;]<\/p>\n","protected":false},"author":1,"featured_media":5310,"comment_status":"open","ping_status":"open","sticky":false,"template":"","format":"gallery","meta":{"footnotes":""},"categories":[14],"tags":[],"class_list":{"0":"post-5306","1":"post","2":"type-post","3":"status-publish","4":"format-gallery","5":"has-post-thumbnail","7":"category-saude","8":"post_format-post-format-gallery"},"amp_enabled":true,"_links":{"self":[{"href":"https:\/\/tvbelas.com\/tvbelas\/wp-json\/wp\/v2\/posts\/5306","targetHints":{"allow":["GET"]}}],"collection":[{"href":"https:\/\/tvbelas.com\/tvbelas\/wp-json\/wp\/v2\/posts"}],"about":[{"href":"https:\/\/tvbelas.com\/tvbelas\/wp-json\/wp\/v2\/types\/post"}],"author":[{"embeddable":true,"href":"https:\/\/tvbelas.com\/tvbelas\/wp-json\/wp\/v2\/users\/1"}],"replies":[{"embeddable":true,"href":"https:\/\/tvbelas.com\/tvbelas\/wp-json\/wp\/v2\/comments?post=5306"}],"version-history":[{"count":0,"href":"https:\/\/tvbelas.com\/tvbelas\/wp-json\/wp\/v2\/posts\/5306\/revisions"}],"wp:featuredmedia":[{"embeddable":true,"href":"https:\/\/tvbelas.com\/tvbelas\/wp-json\/"}],"wp:attachment":[{"href":"https:\/\/tvbelas.com\/tvbelas\/wp-json\/wp\/v2\/media?parent=5306"}],"wp:term":[{"taxonomy":"category","embeddable":true,"href":"https:\/\/tvbelas.com\/tvbelas\/wp-json\/wp\/v2\/categories?post=5306"},{"taxonomy":"post_tag","embeddable":true,"href":"https:\/\/tvbelas.com\/tvbelas\/wp-json\/wp\/v2\/tags?post=5306"}],"curies":[{"name":"wp","href":"https:\/\/api.w.org\/{rel}","templated":true}]}}