{"id":5369,"date":"2021-05-24T17:49:32","date_gmt":"2021-05-24T16:49:32","guid":{"rendered":"http:\/\/tvbelas.com\/tvbelas\/?p=5369"},"modified":"2021-05-24T17:49:32","modified_gmt":"2021-05-24T16:49:32","slug":"com-espirito-humanismo-e-preocupado-com-a-juventude-crispiniano-dos-santos-solidariza-se-com-a-kudurista-nayo-crazy","status":"publish","type":"post","link":"https:\/\/tvbelas.com\/tvbelas\/noticias\/sociedade\/com-espirito-humanismo-e-preocupado-com-a-juventude-crispiniano-dos-santos-solidariza-se-com-a-kudurista-nayo-crazy\/","title":{"rendered":"Com espirito humanismo, e preocupado  com a juventude, Crispiniano dos Santos  solidariza-se com, a kudurista Nayo Crazy."},"content":{"rendered":"<p>\u00c0 luz das recomenda\u00e7\u00f5es sa\u00eddas do I Encontro Nacional sobre o papel do Kuduro na educa\u00e7\u00e3o c\u00edvica e patri\u00f3ica dos jovens, o Primeiro Secret\u00e1rio Nacional da JMPLA, Crispiniano dos Santos, \u00a0est\u00e1 a cumprir, uma Jornada de trabalho, na prov\u00edncia de Luanda, visando conhecer mais da realidade social dos fazedores da em exclusivo a \u201carte Kuduro\u201d, tendo em vista o seu impacto socioecon\u00f3mico na vida da juventude, al\u00e9m de incentivar a promo\u00e7\u00e3o do empreendedorismo cultural, para Crispiniano dos Santos, o kuduro \u00e9 uma ferramenta sustent\u00e1vel, respons\u00e1vel por promover o auto-emprego, o lider da maior organiza\u00e7\u00e3o juvenil de Angola, Crispiniano dos Santos \u00a0diz que, atrav\u00e9s da cria\u00e7\u00e3o de est\u00fadios, produ\u00e7\u00e3o gr\u00e1fica, v\u00eddeo clips, escolas de dan\u00e7a, shows, concertos e vendas de discos.<\/p>\n<p>Crispiniano dos Santos \u00a0e sua, delega\u00e7\u00e3o encabe\u00e7ada pela Hemingarda Fernandes, Primeira Secret\u00e1ria Provincial da JMPLA em Luanda, ap\u00f3s efectuarem uma visita guiada \u00e0 sede da Associa\u00e7\u00e3o Nacional dos Jovens Kuduristas, levaram bens de primeira necessidade \u00e0 Cantora Nayo Crazy, que se encontra a recuperar de um problema da sa\u00fade ocular.<\/p>\n<p>Na ocasi\u00e3o, o secret\u00e1rio da JMPLA, Crispiniano dos Santos, disse tratar-se de uma visita de solidariedade a Nayo Crazy, porque o MPLA defende o princ\u00edpio do humanismo.\u00a0Por\u00a0esse motivo, teve a iniciativa de doar bens alimentares e a motorizada para a cantora\u00a0 constituir o seu primeiro neg\u00f3cio.<\/p>\n<p>Quanto a AKA, o dirigente disse que durante a visita as instala\u00e7\u00f5es da associa\u00e7\u00e3o foi poss\u00edvel constatar as condi\u00e7\u00f5es de funcionamento e o n\u00edvel de recupera\u00e7\u00e3o da cantora Nayol que sofreu uma interven\u00e7\u00e3o cir\u00fargica em Dezembro \u00faltimo.<\/p>\n<p>O secret\u00e1rio nacional da JMPLA incentivou os kuduristas a produzirem m\u00fasicas que enaltecem o patriotismo e a ter confian\u00e7a e esperan\u00e7a no partido no poder, onde os jovens podem, cada um a seu n\u00edvel, dar o\u00a0contributo necess\u00e1rio para o desenvolvimento desejado por todos.<\/p>\n<p>Por seu turno, o presidente da AKA, Albino Jos\u00e9, de nome art\u00edstico Biblack, mostrou-se satisfeito pelo apoio da JMPLA para melhoria do funcionamento da associa\u00e7\u00e3o, afirmando que aproveitaram o encontro para entregar uma exposi\u00e7\u00e3o onde constam as dificuldades que os cantores\u00a0enfrentam, principalmente nesta altura em que o mundo enfrenta a pandemia da Covid-19.<\/p>\n<p>Por seu lado, Nayo Crazy explicou que em Dezembro foi submetida a uma cirurgia para eliminar os tumores no c\u00e9rebro que afectaram a sua vis\u00e3o, sendo obrigada a buscar\u00a0companhia\u00a0para poder\u00a0locomover-se.<\/p>\n<p>Explicou que depois da opera\u00e7\u00e3o, embora ainda em fase de recupera\u00e7\u00e3o, j\u00e1 consegue ter uma vis\u00e3o na ordem dos 30 por cento, depois de viver com os tumores por quase 17 anos, enaltecendo o apoio dos musicos\u00a0Yuri da Cunha, Puto Portugu\u00eas, Matias Dam\u00e1sio, Sabino Henda, Pai Diesel e\u00a0o promotor de eventos Henrique Miguel (Riquinho), entre outros.<\/p>\n<p>Nayo Crazy, em 2013, perdeu parcialmente a vis\u00e3o e em 2015 deslocou-se a Namibia onde lhe foram\u00a0diagnosticados\u00a0tr\u00eas tumores cerebrais, tendo sido operada em 2020.<\/p>\n<p>&nbsp;<\/p>\n","protected":false},"excerpt":{"rendered":"<p>\u00c0 luz das recomenda\u00e7\u00f5es sa\u00eddas do I Encontro Nacional sobre o papel do Kuduro na educa\u00e7\u00e3o c\u00edvica e patri\u00f3ica dos jovens, o Primeiro Secret\u00e1rio Nacional da JMPLA, Crispiniano dos Santos, \u00a0est\u00e1 a cumprir, uma Jornada de trabalho, na prov\u00edncia de Luanda, visando conhecer mais da realidade social dos fazedores da em exclusivo a \u201carte Kuduro\u201d, [&hellip;]<\/p>\n","protected":false},"author":1,"featured_media":5374,"comment_status":"open","ping_status":"open","sticky":false,"template":"","format":"gallery","meta":{"footnotes":""},"categories":[15],"tags":[],"class_list":{"0":"post-5369","1":"post","2":"type-post","3":"status-publish","4":"format-gallery","5":"has-post-thumbnail","7":"category-sociedade","8":"post_format-post-format-gallery"},"amp_enabled":true,"_links":{"self":[{"href":"https:\/\/tvbelas.com\/tvbelas\/wp-json\/wp\/v2\/posts\/5369","targetHints":{"allow":["GET"]}}],"collection":[{"href":"https:\/\/tvbelas.com\/tvbelas\/wp-json\/wp\/v2\/posts"}],"about":[{"href":"https:\/\/tvbelas.com\/tvbelas\/wp-json\/wp\/v2\/types\/post"}],"author":[{"embeddable":true,"href":"https:\/\/tvbelas.com\/tvbelas\/wp-json\/wp\/v2\/users\/1"}],"replies":[{"embeddable":true,"href":"https:\/\/tvbelas.com\/tvbelas\/wp-json\/wp\/v2\/comments?post=5369"}],"version-history":[{"count":0,"href":"https:\/\/tvbelas.com\/tvbelas\/wp-json\/wp\/v2\/posts\/5369\/revisions"}],"wp:featuredmedia":[{"embeddable":true,"href":"https:\/\/tvbelas.com\/tvbelas\/wp-json\/"}],"wp:attachment":[{"href":"https:\/\/tvbelas.com\/tvbelas\/wp-json\/wp\/v2\/media?parent=5369"}],"wp:term":[{"taxonomy":"category","embeddable":true,"href":"https:\/\/tvbelas.com\/tvbelas\/wp-json\/wp\/v2\/categories?post=5369"},{"taxonomy":"post_tag","embeddable":true,"href":"https:\/\/tvbelas.com\/tvbelas\/wp-json\/wp\/v2\/tags?post=5369"}],"curies":[{"name":"wp","href":"https:\/\/api.w.org\/{rel}","templated":true}]}}