{"id":5381,"date":"2021-05-24T18:29:43","date_gmt":"2021-05-24T17:29:43","guid":{"rendered":"http:\/\/tvbelas.com\/tvbelas\/?p=5381"},"modified":"2021-05-24T18:29:43","modified_gmt":"2021-05-24T17:29:43","slug":"media-capital-fecha-acordo-de-licenciamento-para-criar-cnn-portugal-e-substituir-a-tvi24","status":"publish","type":"post","link":"https:\/\/tvbelas.com\/tvbelas\/noticias\/internacional\/media-capital-fecha-acordo-de-licenciamento-para-criar-cnn-portugal-e-substituir-a-tvi24\/","title":{"rendered":"Media Capital cria CNN Portugal, para Substituir a TVI24."},"content":{"rendered":"<p>O Grupo Media Capital anunciou esta segunda-feira, 24 de maio, a assinatura de um memorando de entendimento com o grupo Turner Broadcasting System Europe para um acordo de licenciamento que prev\u00ea a cria\u00e7\u00e3o da CNN Portugal.<\/p>\n<p>A TVI24 vai evoluir para a CNN Portugal&#8221;. Isto \u00e9, a esta\u00e7\u00e3o que ainda h\u00e1 poucos meses operou uma profunda reformula\u00e7\u00e3o da grelha de programas, vai desaparecer e ser substitu\u00edda por este novo canal de not\u00edcias.<\/p>\n<p>O novo canal de televis\u00e3o ser\u00e1 programado e operado pela dona da TVI, sob licen\u00e7a da cadeia americana, que tamb\u00e9m vai fornecer forma\u00e7\u00e3o, consultoria e acesso aos conte\u00fados que integram o portef\u00f3lio da CNN.<\/p>\n<p>&#8220;Com este acordo abre-se um novo cap\u00edtulo na hist\u00f3ria da televis\u00e3o em Portugal, uma vez que se trata de uma parceria com uma das mais inovadoras, influentes e prestigiadas cadeias de televis\u00e3o a n\u00edvel mundial&#8221;, l\u00ea-se no comunicado enviado \u00e0 CMVM.<\/p>\n<div class=\"relatedLink\" data-analytics-category=\"Relacionadas\"><\/div>\n<p>O grupo liderado por Lu\u00eds Cunha Velho, que tem M\u00e1rio Ferreira como maior acionista, remete mais informa\u00e7\u00f5es e atualiza\u00e7\u00f5es sobre este projeto em l\u00edngua portuguesa para uma fase posterior, que se seguir\u00e1 \u00e0 &#8220;discuss\u00e3o com as autoridades reguladoras&#8221;.<\/p>\n<p>A Media Capital fechou o ano de 2020 com\u00a0<a href=\"https:\/\/www.jornaldenegocios.pt\/empresas\/media\/detalhe\/media-capital-reduz-perdas-para-1146-milhoes-em-2020\" target=\"_blank\" rel=\"noopener\">preju\u00edzos de 11,09 milh\u00f5es de euros<\/a>, uma melhoria de 80% face \u00e0s perdas de 54,72 milh\u00f5es um ano antes. A contribuir esteve o resultado l\u00edquido positivo de 3,3 milh\u00f5es no segundo semestre de 2020.<\/p>\n<p>&nbsp;<\/p>\n<div class=\"relatedLink\" data-analytics-category=\"Relacionadas\">\n<div class=\"relatedItem\"><\/div>\n<\/div>\n","protected":false},"excerpt":{"rendered":"<p>O Grupo Media Capital anunciou esta segunda-feira, 24 de maio, a assinatura de um memorando de entendimento com o grupo Turner Broadcasting System Europe para um acordo de licenciamento que prev\u00ea a cria\u00e7\u00e3o da CNN Portugal. A TVI24 vai evoluir para a CNN Portugal&#8221;. Isto \u00e9, a esta\u00e7\u00e3o que ainda h\u00e1 poucos meses operou uma [&hellip;]<\/p>\n","protected":false},"author":1,"featured_media":5383,"comment_status":"open","ping_status":"open","sticky":false,"template":"","format":"standard","meta":{"footnotes":""},"categories":[22],"tags":[],"class_list":{"0":"post-5381","1":"post","2":"type-post","3":"status-publish","4":"format-standard","5":"has-post-thumbnail","7":"category-internacional"},"amp_enabled":true,"_links":{"self":[{"href":"https:\/\/tvbelas.com\/tvbelas\/wp-json\/wp\/v2\/posts\/5381","targetHints":{"allow":["GET"]}}],"collection":[{"href":"https:\/\/tvbelas.com\/tvbelas\/wp-json\/wp\/v2\/posts"}],"about":[{"href":"https:\/\/tvbelas.com\/tvbelas\/wp-json\/wp\/v2\/types\/post"}],"author":[{"embeddable":true,"href":"https:\/\/tvbelas.com\/tvbelas\/wp-json\/wp\/v2\/users\/1"}],"replies":[{"embeddable":true,"href":"https:\/\/tvbelas.com\/tvbelas\/wp-json\/wp\/v2\/comments?post=5381"}],"version-history":[{"count":0,"href":"https:\/\/tvbelas.com\/tvbelas\/wp-json\/wp\/v2\/posts\/5381\/revisions"}],"wp:featuredmedia":[{"embeddable":true,"href":"https:\/\/tvbelas.com\/tvbelas\/wp-json\/"}],"wp:attachment":[{"href":"https:\/\/tvbelas.com\/tvbelas\/wp-json\/wp\/v2\/media?parent=5381"}],"wp:term":[{"taxonomy":"category","embeddable":true,"href":"https:\/\/tvbelas.com\/tvbelas\/wp-json\/wp\/v2\/categories?post=5381"},{"taxonomy":"post_tag","embeddable":true,"href":"https:\/\/tvbelas.com\/tvbelas\/wp-json\/wp\/v2\/tags?post=5381"}],"curies":[{"name":"wp","href":"https:\/\/api.w.org\/{rel}","templated":true}]}}