{"id":5427,"date":"2021-05-26T19:39:28","date_gmt":"2021-05-26T18:39:28","guid":{"rendered":"http:\/\/tvbelas.com\/tvbelas\/?p=5427"},"modified":"2021-05-26T19:39:28","modified_gmt":"2021-05-26T18:39:28","slug":"44-anos-depois-vitimas-do-27-de-maio-terao-enterro-condigno-joao-lourenco-pede-desculpas-as-familias","status":"publish","type":"post","link":"https:\/\/tvbelas.com\/tvbelas\/noticias\/politica-angola\/44-anos-depois-vitimas-do-27-de-maio-terao-enterro-condigno-joao-lourenco-pede-desculpas-as-familias\/","title":{"rendered":"44 anos depois v\u00edtimas do \u201c27 de Maio\u201d ter\u00e3o enterro condigno, Jo\u00e3o Louren\u00e7o  pede desculpas p\u00fablicas, e perd\u00e3o pelas execu\u00e7\u00f5es de 27 de maio."},"content":{"rendered":"<p>Por ocasi\u00e3o \u00e0s v\u00edtimas do 27 de Maio, e entidades mortas por quest\u00f5es pol\u00edticas, Jo\u00e3o Manuel Louren\u00e7o, pediu hoje, desculpas p\u00fablicas pelas execu\u00e7\u00f5es sum\u00e1rias que decorreram no pa\u00eds na sequencia dos conflitos pol\u00edticos a 44 anos.<\/p>\n<p>Em mensagem dirigida \u00e0 Na\u00e7\u00e3o sobre as v\u00edtimas dos conflitos pol\u00edticos, no per\u00edodo entre 11 de Novembro de 1975 e 04 de Abril de 2002, o Titular do Poder Executivo aclarou que este pedido p\u00fablico de desculpas e de perd\u00e3o n\u00e3o se resume a simples palavras.<\/p>\n<p>&#8220;Ele reflecte o nosso sincero arrependimento e vontade de p\u00f4r fim a ang\u00fastia que ao longo destes anos as fam\u00edlias carregam consigo, por falta de informa\u00e7\u00e3o sobre o destino dado aos seus ente queridos&#8221;, exprimiu.<\/p>\n<p>Nito Alves, Sita Valles, Jos\u00e9 Van-D\u00fanem, Urbano de Castro, Salupeto Pena, David Z\u00e9, Monstro Imortal, Bakalof, Artur Nunes, Pedro Fortunato, Arsinio Jos\u00e9 Louren\u00e7o Mesquita e n\u00e3o s\u00f3, ser\u00e3o os primeiros que merecer\u00e3o o processo de exuma\u00e7\u00e3o para o enterro condigno disse, Jo\u00e3o Manuel Louren\u00e7o no seu discurso.<\/p>\n<p>segue discurso completo<\/p>\n<p><a href=\"http:\/\/tvbelas.com\/tvbelas\/wp-content\/uploads\/2021\/05\/PR-DISCURSO-RECONCILIAA\u0303_A\u0303_O-26-MAIO-2021.docx\">PR DISCURSO RECONCILIAA\u0303_A\u0303_O 26 MAIO 2021<\/a><\/p>\n","protected":false},"excerpt":{"rendered":"<p>Por ocasi\u00e3o \u00e0s v\u00edtimas do 27 de Maio, e entidades mortas por quest\u00f5es pol\u00edticas, Jo\u00e3o Manuel Louren\u00e7o, pediu hoje, desculpas p\u00fablicas pelas execu\u00e7\u00f5es sum\u00e1rias que decorreram no pa\u00eds na sequencia dos conflitos pol\u00edticos a 44 anos. Em mensagem dirigida \u00e0 Na\u00e7\u00e3o sobre as v\u00edtimas dos conflitos pol\u00edticos, no per\u00edodo entre 11 de Novembro de 1975 [&hellip;]<\/p>\n","protected":false},"author":1,"featured_media":5430,"comment_status":"open","ping_status":"open","sticky":false,"template":"","format":"gallery","meta":{"footnotes":""},"categories":[12],"tags":[],"class_list":{"0":"post-5427","1":"post","2":"type-post","3":"status-publish","4":"format-gallery","5":"has-post-thumbnail","7":"category-politica-angola","8":"post_format-post-format-gallery"},"amp_enabled":true,"_links":{"self":[{"href":"https:\/\/tvbelas.com\/tvbelas\/wp-json\/wp\/v2\/posts\/5427","targetHints":{"allow":["GET"]}}],"collection":[{"href":"https:\/\/tvbelas.com\/tvbelas\/wp-json\/wp\/v2\/posts"}],"about":[{"href":"https:\/\/tvbelas.com\/tvbelas\/wp-json\/wp\/v2\/types\/post"}],"author":[{"embeddable":true,"href":"https:\/\/tvbelas.com\/tvbelas\/wp-json\/wp\/v2\/users\/1"}],"replies":[{"embeddable":true,"href":"https:\/\/tvbelas.com\/tvbelas\/wp-json\/wp\/v2\/comments?post=5427"}],"version-history":[{"count":0,"href":"https:\/\/tvbelas.com\/tvbelas\/wp-json\/wp\/v2\/posts\/5427\/revisions"}],"wp:featuredmedia":[{"embeddable":true,"href":"https:\/\/tvbelas.com\/tvbelas\/wp-json\/"}],"wp:attachment":[{"href":"https:\/\/tvbelas.com\/tvbelas\/wp-json\/wp\/v2\/media?parent=5427"}],"wp:term":[{"taxonomy":"category","embeddable":true,"href":"https:\/\/tvbelas.com\/tvbelas\/wp-json\/wp\/v2\/categories?post=5427"},{"taxonomy":"post_tag","embeddable":true,"href":"https:\/\/tvbelas.com\/tvbelas\/wp-json\/wp\/v2\/tags?post=5427"}],"curies":[{"name":"wp","href":"https:\/\/api.w.org\/{rel}","templated":true}]}}