{"id":5463,"date":"2021-05-27T19:52:27","date_gmt":"2021-05-27T18:52:27","guid":{"rendered":"http:\/\/tvbelas.com\/tvbelas\/?p=5463"},"modified":"2021-05-27T19:52:27","modified_gmt":"2021-05-27T18:52:27","slug":"joao-lourencocria-comissao-para-comemoracao-do-centenario-de-agostinho-neto","status":"publish","type":"post","link":"https:\/\/tvbelas.com\/tvbelas\/noticias\/politica-angola\/joao-lourencocria-comissao-para-comemoracao-do-centenario-de-agostinho-neto\/","title":{"rendered":"JO\u00c3O LOUREN\u00c7O,CRIA COMISS\u00c3O PARA COMEMORA\u00c7\u00c3O DO CENTEN\u00c1RIO DE AGOSTINHO NETO."},"content":{"rendered":"<p>Uma nota da Casa Civil do Presidente da Rep\u00fablica a que a TV BELAS\u00a0 teve acesso refere que a Comiss\u00e3o tem como objectivo organizar os preparativos para uma comemora\u00e7\u00e3o condigna dessa efem\u00e9ride.<\/p>\n<p>Acrescenta que a Comiss\u00e3o integra os ministros de Estado e chefes das Casas Civil e Militar do Presidente da Rep\u00fablica, respectivamente, como coordenador e coordenador-adjunto, bem como os respons\u00e1veis pelos pelouros da Administra\u00e7\u00e3o do Territ\u00f3rio, Defesa Nacional e Veteranos da P\u00e1tria, Interior e das Rela\u00e7\u00f5es Exteriores.<\/p>\n<p>Fazem tambem parte da mesma os ministros das Finan\u00e7as, dos Transportes, da Educa\u00e7\u00e3o, das Telecomunica\u00e7\u00f5es, Tecnologias de Informa\u00e7\u00e3o e Comunica\u00e7\u00e3o Social, da Juventude e Desportos e\u00a0da Cultura, Turismo e Ambiente.<\/p>\n<p>Os governadores provinciais, o director do Cerimonial do Presidente da Rep\u00fablica, o presidente do Conselho de Administra\u00e7\u00e3o do Memorial Ant\u00f3nio Agostinho Neto e um representante da Funda\u00e7\u00e3o Ant\u00f3nio Agostinho Neto integram, igualmente, a Comiss\u00e3o.<\/p>\n<p>Ant\u00f3nio Agostinho Neto nasceu aos 17 de Setembro de 1922, em Kaxicane (Icolo e Bengo), e faleceu a 10 de Setembro de 1979. Como primeiro Presidente de Angola, proclamou a independ\u00eancia do pa\u00eds do ent\u00e3o jugo colonial portugu\u00eas, a 11 de Novembro de 1975.<\/p>\n","protected":false},"excerpt":{"rendered":"<p>Uma nota da Casa Civil do Presidente da Rep\u00fablica a que a TV BELAS\u00a0 teve acesso refere que a Comiss\u00e3o tem como objectivo organizar os preparativos para uma comemora\u00e7\u00e3o condigna dessa efem\u00e9ride. Acrescenta que a Comiss\u00e3o integra os ministros de Estado e chefes das Casas Civil e Militar do Presidente da Rep\u00fablica, respectivamente, como coordenador [&hellip;]<\/p>\n","protected":false},"author":1,"featured_media":5465,"comment_status":"open","ping_status":"open","sticky":false,"template":"","format":"standard","meta":{"footnotes":""},"categories":[12],"tags":[],"class_list":{"0":"post-5463","1":"post","2":"type-post","3":"status-publish","4":"format-standard","5":"has-post-thumbnail","7":"category-politica-angola"},"amp_enabled":true,"_links":{"self":[{"href":"https:\/\/tvbelas.com\/tvbelas\/wp-json\/wp\/v2\/posts\/5463","targetHints":{"allow":["GET"]}}],"collection":[{"href":"https:\/\/tvbelas.com\/tvbelas\/wp-json\/wp\/v2\/posts"}],"about":[{"href":"https:\/\/tvbelas.com\/tvbelas\/wp-json\/wp\/v2\/types\/post"}],"author":[{"embeddable":true,"href":"https:\/\/tvbelas.com\/tvbelas\/wp-json\/wp\/v2\/users\/1"}],"replies":[{"embeddable":true,"href":"https:\/\/tvbelas.com\/tvbelas\/wp-json\/wp\/v2\/comments?post=5463"}],"version-history":[{"count":0,"href":"https:\/\/tvbelas.com\/tvbelas\/wp-json\/wp\/v2\/posts\/5463\/revisions"}],"wp:featuredmedia":[{"embeddable":true,"href":"https:\/\/tvbelas.com\/tvbelas\/wp-json\/"}],"wp:attachment":[{"href":"https:\/\/tvbelas.com\/tvbelas\/wp-json\/wp\/v2\/media?parent=5463"}],"wp:term":[{"taxonomy":"category","embeddable":true,"href":"https:\/\/tvbelas.com\/tvbelas\/wp-json\/wp\/v2\/categories?post=5463"},{"taxonomy":"post_tag","embeddable":true,"href":"https:\/\/tvbelas.com\/tvbelas\/wp-json\/wp\/v2\/tags?post=5463"}],"curies":[{"name":"wp","href":"https:\/\/api.w.org\/{rel}","templated":true}]}}