{"id":5503,"date":"2021-05-29T01:30:11","date_gmt":"2021-05-29T00:30:11","guid":{"rendered":"http:\/\/tvbelas.com\/tvbelas\/?p=5503"},"modified":"2021-05-29T01:30:11","modified_gmt":"2021-05-29T00:30:11","slug":"a-banca-comercial-vai-conceder-moratoria-crediticia-ate-seis-meses-a-alguns-sectores-da-economia-mais-afectados-pela-pandemia-da-covid-19","status":"publish","type":"post","link":"https:\/\/tvbelas.com\/tvbelas\/noticias\/economia-angola\/a-banca-comercial-vai-conceder-moratoria-crediticia-ate-seis-meses-a-alguns-sectores-da-economia-mais-afectados-pela-pandemia-da-covid-19\/","title":{"rendered":"A BANCA COMERCIAL VAI CONCEDER MORAT\u00d3RIA CREDIT\u00cdCIA, AT\u00c9 SEIS MESES, A ALGUNS SECTORES DA ECONOMIA MAIS AFECTADOS PELA PANDEMIA DA COVID-19."},"content":{"rendered":"<p>Segundo Massano J\u00fanior, est\u00e1 em prepara\u00e7\u00e3o um aviso para que sectores da economia, mais afectadas pela economia, beneficiem junto da banca comercial de morat\u00f3rias no cumprimento das suas responsabilidades credit\u00edcias.<\/p>\n<p>Apontou como os sectores mais afectados pela pandemia os dos transportes, hotelaria, turismo e restaura\u00e7\u00e3o, desporto e ensino.<\/p>\n<p>Em declara\u00e7\u00f5es \u00e0 imprensa, no final de uma reuni\u00e3o da Comiss\u00e3o Econ\u00f3mica do Conselho de Ministros, informou que os bancos comerciais v\u00e3o permitir renegociar e reestruturar, at\u00e9 seis meses, o cumprimento das responsabilidades credit\u00edcias.<\/p>\n<p>Quanto ao presum\u00edvel envolvimento de um dos bancos comerciais no desvio de avultadas quantias de dinheiro (kwanzas e divisas), indiciados na Opera\u00e7\u00e3o \u201cCaranguejo\u201d, evitou fazer coment\u00e1rios, por considerar prematuro e pelo facto de o caso estar j\u00e1 em fase de investiga\u00e7\u00e3o criminal e judicial.<\/p>\n<p>No dia 24 do corrente m\u00eas, a Procuradoria-Geral da Rep\u00fablica anunciou a apreens\u00e3o de 10 milh\u00f5es de d\u00f3lares, 700 mil euros e v\u00e1rios milhares de kwanzas\u00a0em posse de oficiais militares, numa opera\u00e7\u00e3o designada \u201cCaranguejo\u201d (&#8230;).<\/p>\n","protected":false},"excerpt":{"rendered":"<p>Segundo Massano J\u00fanior, est\u00e1 em prepara\u00e7\u00e3o um aviso para que sectores da economia, mais afectadas pela economia, beneficiem junto da banca comercial de morat\u00f3rias no cumprimento das suas responsabilidades credit\u00edcias. Apontou como os sectores mais afectados pela pandemia os dos transportes, hotelaria, turismo e restaura\u00e7\u00e3o, desporto e ensino. Em declara\u00e7\u00f5es \u00e0 imprensa, no final de [&hellip;]<\/p>\n","protected":false},"author":1,"featured_media":5505,"comment_status":"open","ping_status":"open","sticky":false,"template":"","format":"standard","meta":{"footnotes":""},"categories":[20],"tags":[],"class_list":{"0":"post-5503","1":"post","2":"type-post","3":"status-publish","4":"format-standard","5":"has-post-thumbnail","7":"category-economia-angola"},"amp_enabled":true,"_links":{"self":[{"href":"https:\/\/tvbelas.com\/tvbelas\/wp-json\/wp\/v2\/posts\/5503","targetHints":{"allow":["GET"]}}],"collection":[{"href":"https:\/\/tvbelas.com\/tvbelas\/wp-json\/wp\/v2\/posts"}],"about":[{"href":"https:\/\/tvbelas.com\/tvbelas\/wp-json\/wp\/v2\/types\/post"}],"author":[{"embeddable":true,"href":"https:\/\/tvbelas.com\/tvbelas\/wp-json\/wp\/v2\/users\/1"}],"replies":[{"embeddable":true,"href":"https:\/\/tvbelas.com\/tvbelas\/wp-json\/wp\/v2\/comments?post=5503"}],"version-history":[{"count":0,"href":"https:\/\/tvbelas.com\/tvbelas\/wp-json\/wp\/v2\/posts\/5503\/revisions"}],"wp:featuredmedia":[{"embeddable":true,"href":"https:\/\/tvbelas.com\/tvbelas\/wp-json\/"}],"wp:attachment":[{"href":"https:\/\/tvbelas.com\/tvbelas\/wp-json\/wp\/v2\/media?parent=5503"}],"wp:term":[{"taxonomy":"category","embeddable":true,"href":"https:\/\/tvbelas.com\/tvbelas\/wp-json\/wp\/v2\/categories?post=5503"},{"taxonomy":"post_tag","embeddable":true,"href":"https:\/\/tvbelas.com\/tvbelas\/wp-json\/wp\/v2\/tags?post=5503"}],"curies":[{"name":"wp","href":"https:\/\/api.w.org\/{rel}","templated":true}]}}