{"id":5507,"date":"2021-05-29T09:09:30","date_gmt":"2021-05-29T08:09:30","guid":{"rendered":"http:\/\/tvbelas.com\/tvbelas\/?p=5507"},"modified":"2021-05-29T09:09:30","modified_gmt":"2021-05-29T08:09:30","slug":"adalberto-costa-junior-saudou-a-iniciativa-do-presidente-da-republica-joao-lourenco-ao-pedir-desculpas-publicas-pelas-vitimas-de-conflitos-politicos-ocorridos-entre-1975-e-2002","status":"publish","type":"post","link":"https:\/\/tvbelas.com\/tvbelas\/noticias\/politica-angola\/adalberto-costa-junior-saudou-a-iniciativa-do-presidente-da-republica-joao-lourenco-ao-pedir-desculpas-publicas-pelas-vitimas-de-conflitos-politicos-ocorridos-entre-1975-e-2002\/","title":{"rendered":"ADALBERTO COSTA J\u00daNIOR, SAUDOU A INICIATIVA DO PRESIDENTE DA REP\u00daBLICA, JO\u00c3O LOUREN\u00c7O, AO PEDIR DESCULPAS P\u00daBLICAS PELAS V\u00cdTIMAS DE CONFLITOS POL\u00cdTICOS, OCORRIDOS ENTRE 1975 E 2002."},"content":{"rendered":"<p>Ao intervir na cerim\u00f3nia de abertura do semin\u00e1rio de quadros do seu partido, que decorre no munic\u00edpio de Viana, Adalberto Costa J\u00fanior considerou pertinente o discurso do Chefe de Estado, mas lamentou o facto de ter convidado a UNITA a apresentar, igualmente, um pedido de desculpas \u00e0 Na\u00e7\u00e3o.<\/p>\n<p>Na \u00faltima quarta-feira, Jo\u00e3o Louren\u00e7o pediu desculpas e perd\u00e3o a todos os angolanos, em nome do Estado, pelas v\u00edtimas dos conflitos pol\u00edticos, em particular as do 27 de Maio de 1977, executadas sumariamente na sequ\u00eancia de uma tentativa frustrada de golpe de estado.<\/p>\n<p>Na altura, Jo\u00e3o Louren\u00e7o afirmou que o povo angolano j\u00e1 deu provas de saber perdoar e merecia ouvir, de quem tem a responsabilidade de o fazer, um pedido p\u00fablico de desculpas e perd\u00e3o, em rela\u00e7\u00e3o a militantes e quadros da UNITA e outros cidad\u00e3os mortos pelo partido, \u00e0 data dos factos liderado por Jonas Malheiro Savimbi.<\/p>\n<p>Em concreto, o Presidente da Rep\u00fablica referiu Tito Chingungi, Wilson dos Santos e respectivas fam\u00edlias, as valentes mulheres das fogueiras da Jamba, os passageiros do comboio do Zenza-do-Itombe, os m\u00e1rtires das cidades do Cuito (Bi\u00e9) e do Huambo, e outros.<\/p>\n<p>Adalberto Costa J\u00fanior declarou, a prop\u00f3sito, que o seu partido &#8220;j\u00e1 o fez por v\u00e1rias vezes, por interm\u00e9dio de Jonas Savimbi (presidente fundador), em Abril de 2001, na 16\u00aa Confer\u00eancia da UNITA, bem como atrav\u00e9s de Lukamba Gato e Isa\u00edas Samakuva, este \u00faltimo nas vestes de presidente do partido&#8221;.<\/p>\n<p>O pronunciamento de Jo\u00e3o Louren\u00e7o sobre as v\u00edtimas de conflitos pol\u00edticos p\u00f4s fim a um largo per\u00edodo de sil\u00eancio do Estado em rela\u00e7\u00e3o a alguns destes acontecimentos, como o 27 de Maio de 1977, que culminou com a morte de um n\u00famero indeterminado de cidad\u00e3os.<\/p>\n<p>Volvidos 44 anos, o Presidente da Rep\u00fablica esclareceu que se tratou de uma tentativa de golpe de estado, perpetrada por militantes do MPLA, que foi repelida de forma desproporcional pelas for\u00e7as de defesa e seguran\u00e7a de ent\u00e3o.<\/p>\n<p>&nbsp;<\/p>\n","protected":false},"excerpt":{"rendered":"<p>Ao intervir na cerim\u00f3nia de abertura do semin\u00e1rio de quadros do seu partido, que decorre no munic\u00edpio de Viana, Adalberto Costa J\u00fanior considerou pertinente o discurso do Chefe de Estado, mas lamentou o facto de ter convidado a UNITA a apresentar, igualmente, um pedido de desculpas \u00e0 Na\u00e7\u00e3o. Na \u00faltima quarta-feira, Jo\u00e3o Louren\u00e7o pediu desculpas [&hellip;]<\/p>\n","protected":false},"author":1,"featured_media":5509,"comment_status":"open","ping_status":"open","sticky":false,"template":"","format":"standard","meta":{"footnotes":""},"categories":[12],"tags":[],"class_list":{"0":"post-5507","1":"post","2":"type-post","3":"status-publish","4":"format-standard","5":"has-post-thumbnail","7":"category-politica-angola"},"amp_enabled":true,"_links":{"self":[{"href":"https:\/\/tvbelas.com\/tvbelas\/wp-json\/wp\/v2\/posts\/5507","targetHints":{"allow":["GET"]}}],"collection":[{"href":"https:\/\/tvbelas.com\/tvbelas\/wp-json\/wp\/v2\/posts"}],"about":[{"href":"https:\/\/tvbelas.com\/tvbelas\/wp-json\/wp\/v2\/types\/post"}],"author":[{"embeddable":true,"href":"https:\/\/tvbelas.com\/tvbelas\/wp-json\/wp\/v2\/users\/1"}],"replies":[{"embeddable":true,"href":"https:\/\/tvbelas.com\/tvbelas\/wp-json\/wp\/v2\/comments?post=5507"}],"version-history":[{"count":0,"href":"https:\/\/tvbelas.com\/tvbelas\/wp-json\/wp\/v2\/posts\/5507\/revisions"}],"wp:featuredmedia":[{"embeddable":true,"href":"https:\/\/tvbelas.com\/tvbelas\/wp-json\/"}],"wp:attachment":[{"href":"https:\/\/tvbelas.com\/tvbelas\/wp-json\/wp\/v2\/media?parent=5507"}],"wp:term":[{"taxonomy":"category","embeddable":true,"href":"https:\/\/tvbelas.com\/tvbelas\/wp-json\/wp\/v2\/categories?post=5507"},{"taxonomy":"post_tag","embeddable":true,"href":"https:\/\/tvbelas.com\/tvbelas\/wp-json\/wp\/v2\/tags?post=5507"}],"curies":[{"name":"wp","href":"https:\/\/api.w.org\/{rel}","templated":true}]}}