{"id":5547,"date":"2021-05-29T21:18:43","date_gmt":"2021-05-29T20:18:43","guid":{"rendered":"http:\/\/tvbelas.com\/tvbelas\/?p=5547"},"modified":"2021-05-29T21:18:43","modified_gmt":"2021-05-29T20:18:43","slug":"a-pandemia-provocada-pelo-novo-coronavirus-ja-causou-pelo-menos-3-524-960-mortes-desde-que-a-doenca-foi-identificada-na-china-em-dezembro-de-2019-segundo-um-balanco-da-afp","status":"publish","type":"post","link":"https:\/\/tvbelas.com\/tvbelas\/noticias\/internacional\/a-pandemia-provocada-pelo-novo-coronavirus-ja-causou-pelo-menos-3-524-960-mortes-desde-que-a-doenca-foi-identificada-na-china-em-dezembro-de-2019-segundo-um-balanco-da-afp\/","title":{"rendered":"A PANDEMIA PROVOCADA PELO NOVO CORONAV\u00cdRUS J\u00c1 CAUSOU, PELO MENOS, 3.524.960 MORTES, DESDE QUE A DOEN\u00c7A FOI IDENTIFICADA NA CHINA, EM DEZEMBRO DE 2019, SEGUNDO UM BALAN\u00c7O DA AFP."},"content":{"rendered":"<p>Segundo o relat\u00f3rio da AFP, em todo o mundo j\u00e1 se registaram 169.379.970 casos de infe\u00e7\u00e3o pelo SARS-CoV-2, que provoca a covid-19, oficialmente diagnosticados desde o in\u00edcio da pandemia. A maioria dos pacientes recuperou, mas uma parte ainda mal avaliada, mant\u00e9m sintomas por semanas ou at\u00e9 meses.<\/p>\n<p>Os n\u00fameros t\u00eam por base relat\u00f3rios comunicados diariamente pelas autoridades de sa\u00fade de cada pa\u00eds e excluem as revis\u00f5es posteriores de determinados organismos estat\u00edsticos que somam um n\u00famero superior de \u00f3bitos.<\/p>\n<p>A Organiza\u00e7\u00e3o Mundial de Sa\u00fade (OMS) estima, levando em considera\u00e7\u00e3o o excessos e mortalidade directa e indirectamente \u00e0 covid-19, que o balan\u00e7o da pandemia pode ser duas a tr\u00eas vezes superior ao registado oficialmente.<\/p>\n<p>Uma parte significativa dos casos menos graves ou assintom\u00e1ticos tamb\u00e9m n\u00e3o \u00e9 detectada, apesar da intensifica\u00e7\u00e3o do rastreamento em muitos pa\u00edses.<\/p>\n<p>Na sexta-feira, foram registadas nas 24 horas anteriores 12.237 novas mortes e 524.350 novos casos de infec\u00e7\u00f5es em todo o mundo.<\/p>\n<p>Os pa\u00edses que registaram o maior n\u00famero de mortes num s\u00f3 dia foram a \u00cdndia (3.617), o Brasil (2.371) e os Estados Unidos (774).<\/p>\n<p>Os Estados Unidos s\u00e3o o pa\u00eds mais afectado em termos de mortes e casos, com 593.962 \u00f3bitos e 33.240.431 casos, de acordo com a contagem da Universidade Johns Hopkins.<\/p>\n<p>Depois dos Estados Unidos, os pa\u00edses mais afectados s\u00e3o: Brasil com 459.045 mortes e 16.391.930 casos, \u00cdndia com 322.512 mortes e 27.729.247 casos, M\u00e9xico com 223.072 mortes e 2.408.778 casos, e Reino Unido com 127.768 mortes e 4.477.705 casos.<\/p>\n<p>Entre os pa\u00edses mais atingidos est\u00e1 a Hungria, que \u00e9 o que apresenta o maior n\u00famero de mortes em rela\u00e7\u00e3o \u00e0 sua popula\u00e7\u00e3o, com 307 \u00f3bitos por 100.000 habitantes, seguida pela Rep\u00fablica Checa e B\u00f3snia, ambos com 281, Maced\u00f3nia do Norte, com 259 e Bulg\u00e1ria, com 254.<\/p>\n<p>A Europa totalizava hoje, \u00e0s 10:00 TMG, (11:00 em Lisboa), 1.132.066 mortes (52.789.845 casos), a Am\u00e9rica Latina e Cara\u00edbas 1.029.095 mortes (32.645.451 casos), os Estados Unidos e Canad\u00e1 619.373 mortes (34.611.504 casos), a \u00c1sia 471.636 mortes (35.919.970 casos), o M\u00e9dio Oriente 141.895 mortes (8.551.270 casos), a \u00c1frica 129.793 mortes (4.813.387 casos); e a Oceania 1.102 mortes (48.552 casos).<\/p>\n<p>Este balan\u00e7o foi realizado com base em dados recolhidos pelas delega\u00e7\u00f5es da AFP junto das autoridades nacionais competentes e informa\u00e7\u00f5es da Organiza\u00e7\u00e3o Mundial de Sa\u00fade (OMS).<\/p>\n<p>Devido a correc\u00e7\u00f5es feitas pelas autoridades, ou publica\u00e7\u00e3o tardia dos dados, os n\u00fameros do aumento nas \u00faltimas 24 horas podem n\u00e3o corresponder exactamente aos publicados no dia anterior.<\/p>\n","protected":false},"excerpt":{"rendered":"<p>Segundo o relat\u00f3rio da AFP, em todo o mundo j\u00e1 se registaram 169.379.970 casos de infe\u00e7\u00e3o pelo SARS-CoV-2, que provoca a covid-19, oficialmente diagnosticados desde o in\u00edcio da pandemia. A maioria dos pacientes recuperou, mas uma parte ainda mal avaliada, mant\u00e9m sintomas por semanas ou at\u00e9 meses. Os n\u00fameros t\u00eam por base relat\u00f3rios comunicados diariamente [&hellip;]<\/p>\n","protected":false},"author":1,"featured_media":5549,"comment_status":"open","ping_status":"open","sticky":false,"template":"","format":"standard","meta":{"footnotes":""},"categories":[22],"tags":[],"class_list":{"0":"post-5547","1":"post","2":"type-post","3":"status-publish","4":"format-standard","5":"has-post-thumbnail","7":"category-internacional"},"amp_enabled":true,"_links":{"self":[{"href":"https:\/\/tvbelas.com\/tvbelas\/wp-json\/wp\/v2\/posts\/5547","targetHints":{"allow":["GET"]}}],"collection":[{"href":"https:\/\/tvbelas.com\/tvbelas\/wp-json\/wp\/v2\/posts"}],"about":[{"href":"https:\/\/tvbelas.com\/tvbelas\/wp-json\/wp\/v2\/types\/post"}],"author":[{"embeddable":true,"href":"https:\/\/tvbelas.com\/tvbelas\/wp-json\/wp\/v2\/users\/1"}],"replies":[{"embeddable":true,"href":"https:\/\/tvbelas.com\/tvbelas\/wp-json\/wp\/v2\/comments?post=5547"}],"version-history":[{"count":0,"href":"https:\/\/tvbelas.com\/tvbelas\/wp-json\/wp\/v2\/posts\/5547\/revisions"}],"wp:featuredmedia":[{"embeddable":true,"href":"https:\/\/tvbelas.com\/tvbelas\/wp-json\/"}],"wp:attachment":[{"href":"https:\/\/tvbelas.com\/tvbelas\/wp-json\/wp\/v2\/media?parent=5547"}],"wp:term":[{"taxonomy":"category","embeddable":true,"href":"https:\/\/tvbelas.com\/tvbelas\/wp-json\/wp\/v2\/categories?post=5547"},{"taxonomy":"post_tag","embeddable":true,"href":"https:\/\/tvbelas.com\/tvbelas\/wp-json\/wp\/v2\/tags?post=5547"}],"curies":[{"name":"wp","href":"https:\/\/api.w.org\/{rel}","templated":true}]}}