{"id":5571,"date":"2021-05-31T16:29:08","date_gmt":"2021-05-31T15:29:08","guid":{"rendered":"http:\/\/tvbelas.com\/tvbelas\/?p=5571"},"modified":"2021-05-31T16:29:08","modified_gmt":"2021-05-31T15:29:08","slug":"manuel-fernandes-caso-major-lussaty-pode-inibir-investidores","status":"publish","type":"post","link":"https:\/\/tvbelas.com\/tvbelas\/noticias\/politica-angola\/manuel-fernandes-caso-major-lussaty-pode-inibir-investidores\/","title":{"rendered":"MANUEL FERNANDES, CASO &#8220;MAJOR LUSSATY&#8221; PODE INIBIR INVESTIDORES."},"content":{"rendered":"<p>Segundo o Novo Jornal, Manuel Fernandes, que efectuou uma visita de trabalho \u00e0 prov\u00edncia do Namibe para constar a situa\u00e7\u00e3o social e econ\u00f3mica da prov\u00edncia e revitalizar as estruturas de base da organiza\u00e7\u00e3o, manifestou-se desapontado com o caso. Num acto realizado no Pavilh\u00e3o Multiuso &#8220;Saidy Mingas&#8221;, na cidade de Mo\u00e7\u00e2medes, o pol\u00edtico classificou o caso de &#8220;pouca-vergonha para o pa\u00eds\u201d.<\/p>\n<p>&#8220;O caso major Lussaty mina a credibilidade do nosso pa\u00eds e pode inibir os investimentos estrangeiros. Constitui vergonha total para o pa\u00eds&#8221;, afirmou Manuel Fernandes, questionando-se &#8220;como \u00e9 poss\u00edvel num pa\u00eds organizado, avultadas somas monet\u00e1rias ficarem ao livre arb\u00edtrio de um cidad\u00e3o?\u201d.<\/p>\n<p>Manuel Fernandes recomendou, por isso, um engajamento s\u00e9rio, respons\u00e1vel e patri\u00f3tico no combate \u00e0 corrup\u00e7\u00e3o, sem persegui\u00e7\u00e3o pol\u00edtica e sem selectividade.<\/p>\n<p>O l\u00edder da CASA-CE defende a mobiliza\u00e7\u00e3o de investimentos e a implanta\u00e7\u00e3o de f\u00e1bricas no pa\u00eds, para garantir empregos para os jovens.<\/p>\n<p>&nbsp;<\/p>\n","protected":false},"excerpt":{"rendered":"<p>Segundo o Novo Jornal, Manuel Fernandes, que efectuou uma visita de trabalho \u00e0 prov\u00edncia do Namibe para constar a situa\u00e7\u00e3o social e econ\u00f3mica da prov\u00edncia e revitalizar as estruturas de base da organiza\u00e7\u00e3o, manifestou-se desapontado com o caso. Num acto realizado no Pavilh\u00e3o Multiuso &#8220;Saidy Mingas&#8221;, na cidade de Mo\u00e7\u00e2medes, o pol\u00edtico classificou o caso [&hellip;]<\/p>\n","protected":false},"author":1,"featured_media":5573,"comment_status":"open","ping_status":"open","sticky":false,"template":"","format":"standard","meta":{"footnotes":""},"categories":[12],"tags":[],"class_list":{"0":"post-5571","1":"post","2":"type-post","3":"status-publish","4":"format-standard","5":"has-post-thumbnail","7":"category-politica-angola"},"amp_enabled":true,"_links":{"self":[{"href":"https:\/\/tvbelas.com\/tvbelas\/wp-json\/wp\/v2\/posts\/5571","targetHints":{"allow":["GET"]}}],"collection":[{"href":"https:\/\/tvbelas.com\/tvbelas\/wp-json\/wp\/v2\/posts"}],"about":[{"href":"https:\/\/tvbelas.com\/tvbelas\/wp-json\/wp\/v2\/types\/post"}],"author":[{"embeddable":true,"href":"https:\/\/tvbelas.com\/tvbelas\/wp-json\/wp\/v2\/users\/1"}],"replies":[{"embeddable":true,"href":"https:\/\/tvbelas.com\/tvbelas\/wp-json\/wp\/v2\/comments?post=5571"}],"version-history":[{"count":0,"href":"https:\/\/tvbelas.com\/tvbelas\/wp-json\/wp\/v2\/posts\/5571\/revisions"}],"wp:featuredmedia":[{"embeddable":true,"href":"https:\/\/tvbelas.com\/tvbelas\/wp-json\/"}],"wp:attachment":[{"href":"https:\/\/tvbelas.com\/tvbelas\/wp-json\/wp\/v2\/media?parent=5571"}],"wp:term":[{"taxonomy":"category","embeddable":true,"href":"https:\/\/tvbelas.com\/tvbelas\/wp-json\/wp\/v2\/categories?post=5571"},{"taxonomy":"post_tag","embeddable":true,"href":"https:\/\/tvbelas.com\/tvbelas\/wp-json\/wp\/v2\/tags?post=5571"}],"curies":[{"name":"wp","href":"https:\/\/api.w.org\/{rel}","templated":true}]}}