{"id":5576,"date":"2021-05-31T17:34:04","date_gmt":"2021-05-31T16:34:04","guid":{"rendered":"http:\/\/tvbelas.com\/tvbelas\/?p=5576"},"modified":"2021-05-31T17:34:04","modified_gmt":"2021-05-31T16:34:04","slug":"pedro-makita-repudia-seitas-religiosas","status":"publish","type":"post","link":"https:\/\/tvbelas.com\/tvbelas\/noticias\/sociedade\/pedro-makita-repudia-seitas-religiosas\/","title":{"rendered":"PEDRO MAKITA,  REPUDIA SEITAS RELIGIOSAS."},"content":{"rendered":"<p>Em declara\u00e7\u00f5es \u00e0 imprensa\u00a0ap\u00f3s a toma da segunda dose da vacina da Astrazeneca, o governador sublinhou que tais seitas religiosas incitam fi\u00e9is a rejeitarem a vacina contra a Covid-19, por considerarem a inexist\u00eancia da pandemia.<\/p>\n<p>O mais agravante, segundo Pedro Makita J\u00falia, \u00e9 que as mesmas (que n\u00e3o identificou) desencorajam ainda a observ\u00e2ncia das medidas de protec\u00e7\u00e3o individual e colectiva\u00a0recomendadas pelas autoridades competentes.<\/p>\n<p>Na vis\u00e3o do governante, essa atitude coloca em risco\u00a0tanto a vida dos fi\u00e9is como a de toda a popula\u00e7\u00e3o.<\/p>\n<p>\u201cA Covid-19 mata\u201d, reiterou, lembrando que o Zaire contabiliza 18 \u00f3bitos\u00a0resultantes desta doen\u00e7a letal.<\/p>\n<p>Em rela\u00e7\u00e3o a segunda dose da vacina, o governador do Zaire disse representar a preocupa\u00e7\u00e3o do Executivo na protec\u00e7\u00e3o da vida da popula\u00e7\u00e3o.<\/p>\n<p>A prov\u00edncia recebeu, para esta fase, 18 mil e 350 doses da vacina da Astrazeneca, n\u00famero proporcional ao da primeira campanha.<\/p>\n","protected":false},"excerpt":{"rendered":"<p>Em declara\u00e7\u00f5es \u00e0 imprensa\u00a0ap\u00f3s a toma da segunda dose da vacina da Astrazeneca, o governador sublinhou que tais seitas religiosas incitam fi\u00e9is a rejeitarem a vacina contra a Covid-19, por considerarem a inexist\u00eancia da pandemia. O mais agravante, segundo Pedro Makita J\u00falia, \u00e9 que as mesmas (que n\u00e3o identificou) desencorajam ainda a observ\u00e2ncia das medidas [&hellip;]<\/p>\n","protected":false},"author":1,"featured_media":5578,"comment_status":"open","ping_status":"open","sticky":false,"template":"","format":"standard","meta":{"footnotes":""},"categories":[15],"tags":[],"class_list":{"0":"post-5576","1":"post","2":"type-post","3":"status-publish","4":"format-standard","5":"has-post-thumbnail","7":"category-sociedade"},"amp_enabled":true,"_links":{"self":[{"href":"https:\/\/tvbelas.com\/tvbelas\/wp-json\/wp\/v2\/posts\/5576","targetHints":{"allow":["GET"]}}],"collection":[{"href":"https:\/\/tvbelas.com\/tvbelas\/wp-json\/wp\/v2\/posts"}],"about":[{"href":"https:\/\/tvbelas.com\/tvbelas\/wp-json\/wp\/v2\/types\/post"}],"author":[{"embeddable":true,"href":"https:\/\/tvbelas.com\/tvbelas\/wp-json\/wp\/v2\/users\/1"}],"replies":[{"embeddable":true,"href":"https:\/\/tvbelas.com\/tvbelas\/wp-json\/wp\/v2\/comments?post=5576"}],"version-history":[{"count":0,"href":"https:\/\/tvbelas.com\/tvbelas\/wp-json\/wp\/v2\/posts\/5576\/revisions"}],"wp:featuredmedia":[{"embeddable":true,"href":"https:\/\/tvbelas.com\/tvbelas\/wp-json\/"}],"wp:attachment":[{"href":"https:\/\/tvbelas.com\/tvbelas\/wp-json\/wp\/v2\/media?parent=5576"}],"wp:term":[{"taxonomy":"category","embeddable":true,"href":"https:\/\/tvbelas.com\/tvbelas\/wp-json\/wp\/v2\/categories?post=5576"},{"taxonomy":"post_tag","embeddable":true,"href":"https:\/\/tvbelas.com\/tvbelas\/wp-json\/wp\/v2\/tags?post=5576"}],"curies":[{"name":"wp","href":"https:\/\/api.w.org\/{rel}","templated":true}]}}