{"id":5580,"date":"2021-05-31T19:13:59","date_gmt":"2021-05-31T18:13:59","guid":{"rendered":"http:\/\/tvbelas.com\/tvbelas\/?p=5580"},"modified":"2021-05-31T19:13:59","modified_gmt":"2021-05-31T18:13:59","slug":"arrancou-oficialmente-hoje-a-campanha-para-a-proxima-atividade-dos-zungueiros-solidarios-de-angola","status":"publish","type":"post","link":"https:\/\/tvbelas.com\/tvbelas\/noticias\/sociedade\/arrancou-oficialmente-hoje-a-campanha-para-a-proxima-atividade-dos-zungueiros-solidarios-de-angola\/","title":{"rendered":"ARRANCOU OFICIALMENTE HOJE \u00c0 CAMPANHA PARA \u00c0 PR\u00d3XIMA ATIVIDADE DOS ZUNGUEIROS SOLID\u00c1RIOS DE ANGOLA."},"content":{"rendered":"<p>Rumo \u00e0 prov\u00edncia de malanje, fazer o bem,faz bem. Zungueiros solid\u00e1rios de angola,o lado social da comunica\u00e7\u00e3o social \u00e9 palavra de ordem dos zungueiros solid\u00e1rios.<\/p>\n<p>Desta vez o destino, \u00e9 a prov\u00edncia de malanje, os zungueiros v\u00e3o levar o seu lado social aos que mais necessitam .<\/p>\n<p>Os lares de acolhimento da &#8220;miss\u00e3o cat\u00f3lica de kalandula e de cacuso&#8221;, localizados na prov\u00edncia de malanje, necessitam de bens de primeira necessidade:<\/p>\n<p>Por este motivo, \u00a0leva os zungueiros solid\u00e1rio a mobilizarem-se durante os finais de semana, nos supermercados do deskont\u00e3o ( nova vida) e shoprite ( bellas), para a realiza\u00e7\u00e3o de recolhas de donativos, a partir das 10 horas.<\/p>\n<p>desde setembro de 2009 tem realizado as chamadas &#8220;zungas da solidariedade&#8221;. Inseridas no projecto angola minha, estas zungas t\u00eam como objectivo levar carinho, amor e solidariedade \u00e0s popula\u00e7\u00f5es mais carenciadas de angola. Para o efeito, o grupo tem realizado actividades filantr\u00f3picas, recreativas, culturais, sociais e de preserva\u00e7\u00e3o do meio ambiente.<\/p>\n<p>Zungueiros solid\u00e1rios \u00e9 um grupo de profissionais da comunica\u00e7\u00e3o social que dedicam seu tempo a levar carinho, amor e solidariedade a outros!<\/p>\n","protected":false},"excerpt":{"rendered":"<p>Rumo \u00e0 prov\u00edncia de malanje, fazer o bem,faz bem. Zungueiros solid\u00e1rios de angola,o lado social da comunica\u00e7\u00e3o social \u00e9 palavra de ordem dos zungueiros solid\u00e1rios. Desta vez o destino, \u00e9 a prov\u00edncia de malanje, os zungueiros v\u00e3o levar o seu lado social aos que mais necessitam . Os lares de acolhimento da &#8220;miss\u00e3o cat\u00f3lica de [&hellip;]<\/p>\n","protected":false},"author":1,"featured_media":5583,"comment_status":"open","ping_status":"open","sticky":false,"template":"","format":"gallery","meta":{"footnotes":""},"categories":[15],"tags":[],"class_list":{"0":"post-5580","1":"post","2":"type-post","3":"status-publish","4":"format-gallery","5":"has-post-thumbnail","7":"category-sociedade","8":"post_format-post-format-gallery"},"amp_enabled":true,"_links":{"self":[{"href":"https:\/\/tvbelas.com\/tvbelas\/wp-json\/wp\/v2\/posts\/5580","targetHints":{"allow":["GET"]}}],"collection":[{"href":"https:\/\/tvbelas.com\/tvbelas\/wp-json\/wp\/v2\/posts"}],"about":[{"href":"https:\/\/tvbelas.com\/tvbelas\/wp-json\/wp\/v2\/types\/post"}],"author":[{"embeddable":true,"href":"https:\/\/tvbelas.com\/tvbelas\/wp-json\/wp\/v2\/users\/1"}],"replies":[{"embeddable":true,"href":"https:\/\/tvbelas.com\/tvbelas\/wp-json\/wp\/v2\/comments?post=5580"}],"version-history":[{"count":0,"href":"https:\/\/tvbelas.com\/tvbelas\/wp-json\/wp\/v2\/posts\/5580\/revisions"}],"wp:featuredmedia":[{"embeddable":true,"href":"https:\/\/tvbelas.com\/tvbelas\/wp-json\/"}],"wp:attachment":[{"href":"https:\/\/tvbelas.com\/tvbelas\/wp-json\/wp\/v2\/media?parent=5580"}],"wp:term":[{"taxonomy":"category","embeddable":true,"href":"https:\/\/tvbelas.com\/tvbelas\/wp-json\/wp\/v2\/categories?post=5580"},{"taxonomy":"post_tag","embeddable":true,"href":"https:\/\/tvbelas.com\/tvbelas\/wp-json\/wp\/v2\/tags?post=5580"}],"curies":[{"name":"wp","href":"https:\/\/api.w.org\/{rel}","templated":true}]}}