{"id":5628,"date":"2021-06-01T18:14:30","date_gmt":"2021-06-01T17:14:30","guid":{"rendered":"http:\/\/tvbelas.com\/tvbelas\/?p=5628"},"modified":"2021-06-01T18:14:30","modified_gmt":"2021-06-01T17:14:30","slug":"manuel-fernandes-presidente-da-casa-ce-defendeu-no-lubango-huila-criacao-de-mais-centros-de-formacao-tecnico-profissional-para-promover-mais-empregabilidade-na-juventude","status":"publish","type":"post","link":"https:\/\/tvbelas.com\/tvbelas\/noticias\/politica-angola\/manuel-fernandes-presidente-da-casa-ce-defendeu-no-lubango-huila-criacao-de-mais-centros-de-formacao-tecnico-profissional-para-promover-mais-empregabilidade-na-juventude\/","title":{"rendered":"MANUEL FERNANDES, PRESIDENTE DA CASA-CE, DEFENDEU, NO LUBANGO (HU\u00cdLA), CRIA\u00c7\u00c3O DE MAIS CENTROS DE FORMA\u00c7\u00c3O T\u00c9CNICO-PROFISSIONAL, PARA PROMOVER MAIS EMPREGABILIDADE NA JUVENTUDE."},"content":{"rendered":"<p style=\"text-align: justify; line-height: 19.5pt; background: white; margin: 0cm 0cm 22.5pt 0cm;\"><span style=\"font-size: 11.5pt; font-family: 'Helvetica','sans-serif'; color: #545454; letter-spacing: .6pt;\">Para Manuel Fernandes, que efectua uma visita de trabalho de dois dias a\u00a0Hu\u00edla, s\u00f3 profissionalmente formados \u00e9 que os jovens ter\u00e3o ferramentas suficientes para melhor desenvolverem a actividade empreendedora no pa\u00eds. \u00a0<\/span><\/p>\n<p style=\"text-align: justify; line-height: 19.5pt; background: white; box-sizing: border-box; font-variant-ligatures: normal; font-variant-caps: normal; orphans: 2; widows: 2; -webkit-text-stroke-width: 0px; text-decoration-thickness: initial; text-decoration-style: initial; text-decoration-color: initial; word-spacing: 0px; margin: 0cm 0cm 22.5pt 0cm;\"><span style=\"font-size: 11.5pt; font-family: 'Helvetica','sans-serif'; color: #545454; letter-spacing: .6pt;\">Falando num encontro com militantes da sua organiza\u00e7\u00e3o, real\u00e7ou que a situa\u00e7\u00e3o socioecon\u00f3mica do pa\u00eds necessita de ter uma juventude din\u00e2mica e\u00a0trabalhadora, sem carecer de oportunidades de forma\u00e7\u00e3o profissional.<\/span><\/p>\n<p style=\"text-align: justify; line-height: 19.5pt; background: white; box-sizing: border-box; font-variant-ligatures: normal; font-variant-caps: normal; orphans: 2; widows: 2; -webkit-text-stroke-width: 0px; text-decoration-thickness: initial; text-decoration-style: initial; text-decoration-color: initial; word-spacing: 0px; margin: 0cm 0cm 22.5pt 0cm;\"><span style=\"font-size: 11.5pt; font-family: 'Helvetica','sans-serif'; color: #545454; letter-spacing: .6pt;\">De acordo com Manuel Fernandes, a CASA-CE considera positiva a \u201crevolu\u00e7\u00e3o\u201d no sector da educa\u00e7\u00e3o de n\u00edvel superior, mas\u00a0defende que as mesmas val\u00eancias sejam passadas ao ensino t\u00e9cnico e profissional, porque \u00e9 da\u00ed onde sair\u00e3o os empreendedores que ajudar\u00e3o a gerar novos empregos.<\/span><\/p>\n<p style=\"text-align: justify; line-height: 19.5pt; background: white; box-sizing: border-box; font-variant-ligatures: normal; font-variant-caps: normal; orphans: 2; widows: 2; -webkit-text-stroke-width: 0px; text-decoration-thickness: initial; text-decoration-style: initial; text-decoration-color: initial; word-spacing: 0px; margin: 0cm 0cm 22.5pt 0cm;\"><span style=\"font-size: 11.5pt; font-family: 'Helvetica','sans-serif'; color: #545454; letter-spacing: .6pt;\">A visita de Manuel Fernandes \u00e0 prov\u00edncia da Hu\u00edla tem como objectivo constatar a real situa\u00e7\u00e3o social da prov\u00edncia, e revitalizar as estruturas de base da sua coliga\u00e7\u00e3o.<\/span><\/p>\n","protected":false},"excerpt":{"rendered":"<p>Para Manuel Fernandes, que efectua uma visita de trabalho de dois dias a\u00a0Hu\u00edla, s\u00f3 profissionalmente formados \u00e9 que os jovens ter\u00e3o ferramentas suficientes para melhor desenvolverem a actividade empreendedora no pa\u00eds. \u00a0 Falando num encontro com militantes da sua organiza\u00e7\u00e3o, real\u00e7ou que a situa\u00e7\u00e3o socioecon\u00f3mica do pa\u00eds necessita de ter uma juventude din\u00e2mica e\u00a0trabalhadora, sem [&hellip;]<\/p>\n","protected":false},"author":1,"featured_media":5573,"comment_status":"open","ping_status":"open","sticky":false,"template":"","format":"standard","meta":{"footnotes":""},"categories":[12],"tags":[],"class_list":{"0":"post-5628","1":"post","2":"type-post","3":"status-publish","4":"format-standard","5":"has-post-thumbnail","7":"category-politica-angola"},"amp_enabled":true,"_links":{"self":[{"href":"https:\/\/tvbelas.com\/tvbelas\/wp-json\/wp\/v2\/posts\/5628","targetHints":{"allow":["GET"]}}],"collection":[{"href":"https:\/\/tvbelas.com\/tvbelas\/wp-json\/wp\/v2\/posts"}],"about":[{"href":"https:\/\/tvbelas.com\/tvbelas\/wp-json\/wp\/v2\/types\/post"}],"author":[{"embeddable":true,"href":"https:\/\/tvbelas.com\/tvbelas\/wp-json\/wp\/v2\/users\/1"}],"replies":[{"embeddable":true,"href":"https:\/\/tvbelas.com\/tvbelas\/wp-json\/wp\/v2\/comments?post=5628"}],"version-history":[{"count":0,"href":"https:\/\/tvbelas.com\/tvbelas\/wp-json\/wp\/v2\/posts\/5628\/revisions"}],"wp:featuredmedia":[{"embeddable":true,"href":"https:\/\/tvbelas.com\/tvbelas\/wp-json\/"}],"wp:attachment":[{"href":"https:\/\/tvbelas.com\/tvbelas\/wp-json\/wp\/v2\/media?parent=5628"}],"wp:term":[{"taxonomy":"category","embeddable":true,"href":"https:\/\/tvbelas.com\/tvbelas\/wp-json\/wp\/v2\/categories?post=5628"},{"taxonomy":"post_tag","embeddable":true,"href":"https:\/\/tvbelas.com\/tvbelas\/wp-json\/wp\/v2\/tags?post=5628"}],"curies":[{"name":"wp","href":"https:\/\/api.w.org\/{rel}","templated":true}]}}