{"id":5631,"date":"2021-06-01T18:27:27","date_gmt":"2021-06-01T17:27:27","guid":{"rendered":"http:\/\/tvbelas.com\/tvbelas\/?p=5631"},"modified":"2021-06-01T18:27:27","modified_gmt":"2021-06-01T17:27:27","slug":"tres-novos-postos-de-vacinacao-contra-a-covid-19-foram-abertos-pela-direccao-municipal-da-saude-no-soyo","status":"publish","type":"post","link":"https:\/\/tvbelas.com\/tvbelas\/noticias\/sociedade\/tres-novos-postos-de-vacinacao-contra-a-covid-19-foram-abertos-pela-direccao-municipal-da-saude-no-soyo\/","title":{"rendered":"TR\u00caS NOVOS POSTOS DE VACINA\u00c7\u00c3O CONTRA A COVID-19 FORAM ABERTOS, PELA DIREC\u00c7\u00c3O MUNICIPAL DA SA\u00daDE NO SOYO."},"content":{"rendered":"<p style=\"text-align: justify; line-height: 19.5pt; background: white; margin: 0cm 0cm 22.5pt 0cm;\"><span style=\"font-size: 11.5pt; font-family: 'Helvetica','sans-serif'; color: #545454; letter-spacing: .6pt;\">De acordo com o director municipal da Sa\u00fade, Pedro Lussukamo, em declara\u00e7\u00f5es \u00e0 ANGOP, a que TV BELAS teve acesso, as pessoas pertencentes ao grupo de risco (pessoas com doen\u00e7as cr\u00f3nicas e idosos) est\u00e3o a ser atendidas nos postos de vacina\u00e7\u00e3o montados na direc\u00e7\u00e3o local da Sa\u00fade. \u00a0<\/span><\/p>\n<p style=\"text-align: justify; line-height: 19.5pt; background: white; box-sizing: border-box; font-variant-ligatures: normal; font-variant-caps: normal; orphans: 2; widows: 2; -webkit-text-stroke-width: 0px; text-decoration-thickness: initial; text-decoration-style: initial; text-decoration-color: initial; word-spacing: 0px; margin: 0cm 0cm 22.5pt 0cm;\"><span style=\"font-size: 11.5pt; font-family: 'Helvetica','sans-serif'; color: #545454; letter-spacing: .6pt;\">Explicou que os novos postos criados est\u00e3o atender for\u00e7as da defesa e seguran\u00e7a, funcion\u00e1rios das empresas petrol\u00edferas e Capitania do Porto do Soyo.<\/span><\/p>\n<p style=\"text-align: justify; line-height: 19.5pt; background: white; box-sizing: border-box; font-variant-ligatures: normal; font-variant-caps: normal; orphans: 2; widows: 2; -webkit-text-stroke-width: 0px; text-decoration-thickness: initial; text-decoration-style: initial; text-decoration-color: initial; word-spacing: 0px; margin: 0cm 0cm 22.5pt 0cm;\"><span style=\"font-size: 11.5pt; font-family: 'Helvetica','sans-serif'; color: #545454; letter-spacing: .6pt;\">Seis mil e 328\u00a0 cidad\u00e3os\u00a0 tomaram a primeira dose da vacina Astrazeneca, no munic\u00edpio do Soyo.<\/span><\/p>\n<p style=\"text-align: justify; line-height: 19.5pt; background: white; box-sizing: border-box; font-variant-ligatures: normal; font-variant-caps: normal; orphans: 2; widows: 2; -webkit-text-stroke-width: 0px; text-decoration-thickness: initial; text-decoration-style: initial; text-decoration-color: initial; word-spacing: 0px; margin: 0cm 0cm 22.5pt 0cm;\"><span style=\"font-size: 11.5pt; font-family: 'Helvetica','sans-serif'; color: #545454; letter-spacing: .6pt;\">Nesta segunda fase, o munic\u00edpio do soyo recebeu seis mil doses de vacinas.<\/span><\/p>\n<p>&nbsp;<\/p>\n","protected":false},"excerpt":{"rendered":"<p>De acordo com o director municipal da Sa\u00fade, Pedro Lussukamo, em declara\u00e7\u00f5es \u00e0 ANGOP, a que TV BELAS teve acesso, as pessoas pertencentes ao grupo de risco (pessoas com doen\u00e7as cr\u00f3nicas e idosos) est\u00e3o a ser atendidas nos postos de vacina\u00e7\u00e3o montados na direc\u00e7\u00e3o local da Sa\u00fade. \u00a0 Explicou que os novos postos criados est\u00e3o [&hellip;]<\/p>\n","protected":false},"author":1,"featured_media":5624,"comment_status":"open","ping_status":"open","sticky":false,"template":"","format":"standard","meta":{"footnotes":""},"categories":[15],"tags":[],"class_list":{"0":"post-5631","1":"post","2":"type-post","3":"status-publish","4":"format-standard","5":"has-post-thumbnail","7":"category-sociedade"},"amp_enabled":true,"_links":{"self":[{"href":"https:\/\/tvbelas.com\/tvbelas\/wp-json\/wp\/v2\/posts\/5631","targetHints":{"allow":["GET"]}}],"collection":[{"href":"https:\/\/tvbelas.com\/tvbelas\/wp-json\/wp\/v2\/posts"}],"about":[{"href":"https:\/\/tvbelas.com\/tvbelas\/wp-json\/wp\/v2\/types\/post"}],"author":[{"embeddable":true,"href":"https:\/\/tvbelas.com\/tvbelas\/wp-json\/wp\/v2\/users\/1"}],"replies":[{"embeddable":true,"href":"https:\/\/tvbelas.com\/tvbelas\/wp-json\/wp\/v2\/comments?post=5631"}],"version-history":[{"count":0,"href":"https:\/\/tvbelas.com\/tvbelas\/wp-json\/wp\/v2\/posts\/5631\/revisions"}],"wp:featuredmedia":[{"embeddable":true,"href":"https:\/\/tvbelas.com\/tvbelas\/wp-json\/"}],"wp:attachment":[{"href":"https:\/\/tvbelas.com\/tvbelas\/wp-json\/wp\/v2\/media?parent=5631"}],"wp:term":[{"taxonomy":"category","embeddable":true,"href":"https:\/\/tvbelas.com\/tvbelas\/wp-json\/wp\/v2\/categories?post=5631"},{"taxonomy":"post_tag","embeddable":true,"href":"https:\/\/tvbelas.com\/tvbelas\/wp-json\/wp\/v2\/tags?post=5631"}],"curies":[{"name":"wp","href":"https:\/\/api.w.org\/{rel}","templated":true}]}}