{"id":5658,"date":"2021-06-02T11:49:49","date_gmt":"2021-06-02T10:49:49","guid":{"rendered":"http:\/\/tvbelas.com\/tvbelas\/?p=5658"},"modified":"2021-06-02T11:49:49","modified_gmt":"2021-06-02T10:49:49","slug":"angola-no-grupo-e-do-mundial-ou-vai-enfrentar-o-lider-masculino-do-ranking-da-modalidade","status":"publish","type":"post","link":"https:\/\/tvbelas.com\/tvbelas\/noticias\/desporto\/angola-no-grupo-e-do-mundial-ou-vai-enfrentar-o-lider-masculino-do-ranking-da-modalidade\/","title":{"rendered":"ANGOLA NO GRUPO E DO MUNDIAL OU VAI ENFRENTAR O L\u00cdDER MASCULINO DO RANKING DA MODALIDADE."},"content":{"rendered":"<p>A Selec\u00e7\u00e3o Nacional de futsal Angola vai estar presente na prova pela primeira vez na sua hist\u00f3ria e est\u00e1 enquadrada no Grupo E do Campeonato do Mundo, a decorrer de 12 de Setembro a tr\u00eas de Outubro pr\u00f3ximo, na Litu\u00e2nia, juntamente com a Espanha, l\u00edder do ranking.<br \/>\nDe acordo com o sorteio realizado na noite desta ter\u00e7a-feira em Lausanne, Su\u00ed\u00e7a, o combinado nacional (40\u00ba no ranking) defrontar\u00e1 ainda na fase de grupos o Paraguai e o Jap\u00e3o, numa prova em que far\u00e1 a sua estreia desde que a modalidade \u00e9 gerida pela FIFA.<br \/>\nMarcado inicialmente para 2020 e adiado em fun\u00e7\u00e3o da pandemia do novo coronav\u00edrus, o Mundial da Litu\u00e2nia ser\u00e1 disputado em tr\u00eas cidades, designadamente Klaip\u0117da, Vilnius (capital do pa\u00eds) e Kaunas, que receber\u00e1 a abertura e a final da competi\u00e7\u00e3o.<br \/>\nA competi\u00e7\u00e3o ter\u00e1 a participa\u00e7\u00e3o de 24 selec\u00e7\u00f5es. Qualificam-se para os oitavos-de-final as duas primeiras colocadas de cada grupo e as quatro melhores terceiras.<br \/>\nGrupos sorteados:<br \/>\nGrupo A: Litu\u00e2nia, Costa Rica, Cazaquist\u00e3o e Venezuela<br \/>\nGrupo B: R\u00fassia, Egipto, Guatemala e Uzbequist\u00e3o<br \/>\nGrupo C: Portugal, Tail\u00e2ndia, Ilhas Salom\u00e3o e Marrocos<br \/>\nGrupo D: Brasil, Rep\u00fablica Tcheca, Panam\u00e1 e Vietn\u00e3<br \/>\nGrupo E: Espanha, Paraguai, Jap\u00e3o e Angola<br \/>\nGrupo F: Argentina, Ir\u00e3o, S\u00e9rvia e Estados Unidos da Am\u00e9rica<br \/>\nRecordamos que em Fevereiro de 2020 Angola venceu por 2-0 a L\u00edbia na cidade de El Aiune, no Saara Ocidental, territ\u00f3rio controlado pelos marroquinos, arrecadou a medalha de bronze no CAN e apurou-se para o Mundial de futsal na Litu\u00e2nia, que esteve inicialmente prevista Setembro de 2020.<br \/>\nNa final do CAN, os eg\u00edpcios e os marroquinos v\u00e3o disputar o t\u00edtulo africano ainda nesta sexta-feira.<br \/>\nLembramos que nas meias-finais do Campeonato Africano das Na\u00e7\u00f5es de futsal, a Selec\u00e7\u00e3o angolana foi derrotada pela selec\u00e7\u00e3o anfitri\u00e3, Marrocos, por 0-4.<\/p>\n","protected":false},"excerpt":{"rendered":"<p>A Selec\u00e7\u00e3o Nacional de futsal Angola vai estar presente na prova pela primeira vez na sua hist\u00f3ria e est\u00e1 enquadrada no Grupo E do Campeonato do Mundo, a decorrer de 12 de Setembro a tr\u00eas de Outubro pr\u00f3ximo, na Litu\u00e2nia, juntamente com a Espanha, l\u00edder do ranking. De acordo com o sorteio realizado na noite [&hellip;]<\/p>\n","protected":false},"author":1,"featured_media":5660,"comment_status":"open","ping_status":"open","sticky":false,"template":"","format":"standard","meta":{"footnotes":""},"categories":[19],"tags":[],"class_list":{"0":"post-5658","1":"post","2":"type-post","3":"status-publish","4":"format-standard","5":"has-post-thumbnail","7":"category-desporto"},"amp_enabled":true,"_links":{"self":[{"href":"https:\/\/tvbelas.com\/tvbelas\/wp-json\/wp\/v2\/posts\/5658","targetHints":{"allow":["GET"]}}],"collection":[{"href":"https:\/\/tvbelas.com\/tvbelas\/wp-json\/wp\/v2\/posts"}],"about":[{"href":"https:\/\/tvbelas.com\/tvbelas\/wp-json\/wp\/v2\/types\/post"}],"author":[{"embeddable":true,"href":"https:\/\/tvbelas.com\/tvbelas\/wp-json\/wp\/v2\/users\/1"}],"replies":[{"embeddable":true,"href":"https:\/\/tvbelas.com\/tvbelas\/wp-json\/wp\/v2\/comments?post=5658"}],"version-history":[{"count":0,"href":"https:\/\/tvbelas.com\/tvbelas\/wp-json\/wp\/v2\/posts\/5658\/revisions"}],"wp:featuredmedia":[{"embeddable":true,"href":"https:\/\/tvbelas.com\/tvbelas\/wp-json\/"}],"wp:attachment":[{"href":"https:\/\/tvbelas.com\/tvbelas\/wp-json\/wp\/v2\/media?parent=5658"}],"wp:term":[{"taxonomy":"category","embeddable":true,"href":"https:\/\/tvbelas.com\/tvbelas\/wp-json\/wp\/v2\/categories?post=5658"},{"taxonomy":"post_tag","embeddable":true,"href":"https:\/\/tvbelas.com\/tvbelas\/wp-json\/wp\/v2\/tags?post=5658"}],"curies":[{"name":"wp","href":"https:\/\/api.w.org\/{rel}","templated":true}]}}